{"id":19957,"date":"2025-03-07T15:14:01","date_gmt":"2025-03-07T15:14:01","guid":{"rendered":"https:\/\/mynews.es\/?p=17075"},"modified":"2025-03-07T15:14:03","modified_gmt":"2025-03-07T15:14:03","slug":"comunicar-sobre-igualtat-sense-caure-en-purplewashing","status":"publish","type":"post","link":"https:\/\/mynews.es\/ca\/comunicar-sobre-igualtat-sense-caure-en-purplewashing\/","title":{"rendered":"Comunicar sobre igualtat sense caure en Purplewashing"},"content":{"rendered":"\t\t<div data-elementor-type=\"wp-post\" data-elementor-id=\"19957\" class=\"elementor elementor-19957\" data-elementor-post-type=\"post\">\n\t\t\t\t\t\t<section class=\"elementor-section elementor-top-section elementor-element elementor-element-c09bedf elementor-section-boxed elementor-section-height-default elementor-section-height-default\" data-id=\"c09bedf\" data-element_type=\"section\" data-settings=\"{&quot;jet_parallax_layout_list&quot;:[{&quot;jet_parallax_layout_image&quot;:{&quot;url&quot;:&quot;&quot;,&quot;id&quot;:&quot;&quot;,&quot;size&quot;:&quot;&quot;},&quot;_id&quot;:&quot;9334add&quot;,&quot;jet_parallax_layout_image_tablet&quot;:{&quot;url&quot;:&quot;&quot;,&quot;id&quot;:&quot;&quot;,&quot;size&quot;:&quot;&quot;},&quot;jet_parallax_layout_image_mobile&quot;:{&quot;url&quot;:&quot;&quot;,&quot;id&quot;:&quot;&quot;,&quot;size&quot;:&quot;&quot;},&quot;jet_parallax_layout_speed&quot;:{&quot;unit&quot;:&quot;%&quot;,&quot;size&quot;:50,&quot;sizes&quot;:[]},&quot;jet_parallax_layout_type&quot;:&quot;scroll&quot;,&quot;jet_parallax_layout_direction&quot;:&quot;1&quot;,&quot;jet_parallax_layout_fx_direction&quot;:null,&quot;jet_parallax_layout_z_index&quot;:&quot;&quot;,&quot;jet_parallax_layout_bg_x&quot;:50,&quot;jet_parallax_layout_bg_x_tablet&quot;:&quot;&quot;,&quot;jet_parallax_layout_bg_x_mobile&quot;:&quot;&quot;,&quot;jet_parallax_layout_bg_y&quot;:50,&quot;jet_parallax_layout_bg_y_tablet&quot;:&quot;&quot;,&quot;jet_parallax_layout_bg_y_mobile&quot;:&quot;&quot;,&quot;jet_parallax_layout_bg_size&quot;:&quot;auto&quot;,&quot;jet_parallax_layout_bg_size_tablet&quot;:&quot;&quot;,&quot;jet_parallax_layout_bg_size_mobile&quot;:&quot;&quot;,&quot;jet_parallax_layout_animation_prop&quot;:&quot;transform&quot;,&quot;jet_parallax_layout_on&quot;:[&quot;desktop&quot;,&quot;tablet&quot;]}]}\">\n\t\t\t\t\t\t<div class=\"elementor-container elementor-column-gap-default\">\n\t\t\t\t\t<div class=\"elementor-column elementor-col-100 elementor-top-column elementor-element elementor-element-5e488ee\" data-id=\"5e488ee\" data-element_type=\"column\">\n\t\t\t<div class=\"elementor-widget-wrap elementor-element-populated\">\n\t\t\t\t\t\t<div class=\"elementor-element elementor-element-f27e9cd elementor-widget elementor-widget-text-editor\" data-id=\"f27e9cd\" data-element_type=\"widget\" data-widget_type=\"text-editor.default\">\n\t\t\t\t<div class=\"elementor-widget-container\">\n\t\t\t\t\t\t\t\t\t<h4><span style=\"text-decoration: underline;\">El lila ja no \u00e9s nom\u00e9s un color. Cada 8 de mar\u00e7, Dia Internacional de la Dona, el lila inunda els carrers, les reivindicacions i, ara tamb\u00e9, el m\u00e0rqueting.<\/span><\/h4>\t\t\t\t\t\t\t\t<\/div>\n\t\t\t\t<\/div>\n\t\t\t\t<div class=\"elementor-element elementor-element-e7f5d44 elementor-widget elementor-widget-text-editor\" data-id=\"e7f5d44\" data-element_type=\"widget\" data-widget_type=\"text-editor.default\">\n\t\t\t\t<div class=\"elementor-widget-container\">\n\t\t\t\t\t\t\t\t\tEl feminisme <a class=\"c-link\" href=\"https:\/\/historia.nationalgeographic.com.es\/a\/tragica-historia-por-que-morado-es-color-feminismo_16449\" target=\"_blank\" rel=\"noopener noreferrer\" data-stringify-link=\"https:\/\/historia.nationalgeographic.com.es\/a\/tragica-historia-por-que-morado-es-color-feminismo_16449\" data-sk=\"tooltip_parent\">\u00a0s&#8217;associa al lila des de 1911,<\/a>\u00a0quan el tr\u00e0gic<b data-stringify-type=\"bold\">\u00a0incendi a la f\u00e0brica t\u00e8xtil Triangle Waist Co. va cobrar-se la vida de 146 treballadores<\/b>, principalment dones immigrants, en condicions laborals prec\u00e0ries. El mite diu que la fumera que sortia de l&#8217;incendi era lila per les peces t\u00e8xtils de la f\u00e0brica, i per aix\u00f2 aquest color va comen\u00e7ar a liderar la lluita per la igualtat.\n\nPer\u00f2 el que va comen\u00e7ar com un color associat al feminisme, es converteix, en ocasions, en un simple reclam publicitari sense valor per a la promoci\u00f3 de la igualtat:\u00a0<b data-stringify-type=\"bold\">el Purplewashing o Feminism Washing.<\/b>\n\n<b data-stringify-type=\"bold\">Nombroses campanyes i marques es tenyeixen de lila al mar\u00e7<\/b>, assenyalen els punts en qu\u00e8 la desigualtat encara est\u00e0 present i donen veu a les protagonistes d&#8217;aquests problemes. Per\u00f2, si la teva campanya es basa nom\u00e9s a posar lila al logotip de la teva marca, vendre un producte amb la frase \u201cGo, girls!\u201d o dir \u201ccada dia \u00e9s 8 de mar\u00e7\u201d per\u00f2 no tornar a recordar les dones fins l&#8217;any seg\u00fcent, deixa&#8217;ns dir-te que \u00e9s probable que estiguis caient en el Purplewashing. En aquest blog t\u2019expliquem\u00a0<b data-stringify-type=\"bold\">com\u00a0<\/b><b data-stringify-type=\"bold\"><a class=\"c-link\" href=\"https:\/\/mynews.es\/rol-de-la-comunicacion-para-la-sociedad-igualitaria\/\" target=\"_blank\" rel=\"noopener noreferrer\" data-stringify-link=\"https:\/\/mynews.es\/rol-de-la-comunicacion-para-la-sociedad-igualitaria\/\" data-sk=\"tooltip_parent\">comunicar sobre igualtat<\/a><\/b><b data-stringify-type=\"bold\">\u00a0sense caure en el Purplewashing, claus per a les teves campanyes i com identificar-ho.<\/b>\t\t\t\t\t\t\t\t<\/div>\n\t\t\t\t<\/div>\n\t\t\t\t<div class=\"elementor-element elementor-element-a66a9ff elementor-widget elementor-widget-heading\" data-id=\"a66a9ff\" data-element_type=\"widget\" data-widget_type=\"heading.default\">\n\t\t\t\t<div class=\"elementor-widget-container\">\n\t\t\t\t\t<h2 class=\"elementor-heading-title elementor-size-default\">Qu\u00e8 \u00e9s el Purplewashing?<\/h2>\t\t\t\t<\/div>\n\t\t\t\t<\/div>\n\t\t\t\t<section class=\"elementor-section elementor-inner-section elementor-element elementor-element-3863c07 elementor-section-boxed elementor-section-height-default elementor-section-height-default\" data-id=\"3863c07\" data-element_type=\"section\" data-settings=\"{&quot;jet_parallax_layout_list&quot;:[{&quot;jet_parallax_layout_image&quot;:{&quot;url&quot;:&quot;&quot;,&quot;id&quot;:&quot;&quot;,&quot;size&quot;:&quot;&quot;},&quot;_id&quot;:&quot;373f263&quot;,&quot;jet_parallax_layout_image_tablet&quot;:{&quot;url&quot;:&quot;&quot;,&quot;id&quot;:&quot;&quot;,&quot;size&quot;:&quot;&quot;},&quot;jet_parallax_layout_image_mobile&quot;:{&quot;url&quot;:&quot;&quot;,&quot;id&quot;:&quot;&quot;,&quot;size&quot;:&quot;&quot;},&quot;jet_parallax_layout_speed&quot;:{&quot;unit&quot;:&quot;%&quot;,&quot;size&quot;:50,&quot;sizes&quot;:[]},&quot;jet_parallax_layout_type&quot;:&quot;scroll&quot;,&quot;jet_parallax_layout_direction&quot;:&quot;1&quot;,&quot;jet_parallax_layout_fx_direction&quot;:null,&quot;jet_parallax_layout_z_index&quot;:&quot;&quot;,&quot;jet_parallax_layout_bg_x&quot;:50,&quot;jet_parallax_layout_bg_x_tablet&quot;:&quot;&quot;,&quot;jet_parallax_layout_bg_x_mobile&quot;:&quot;&quot;,&quot;jet_parallax_layout_bg_y&quot;:50,&quot;jet_parallax_layout_bg_y_tablet&quot;:&quot;&quot;,&quot;jet_parallax_layout_bg_y_mobile&quot;:&quot;&quot;,&quot;jet_parallax_layout_bg_size&quot;:&quot;auto&quot;,&quot;jet_parallax_layout_bg_size_tablet&quot;:&quot;&quot;,&quot;jet_parallax_layout_bg_size_mobile&quot;:&quot;&quot;,&quot;jet_parallax_layout_animation_prop&quot;:&quot;transform&quot;,&quot;jet_parallax_layout_on&quot;:[&quot;desktop&quot;,&quot;tablet&quot;]}]}\">\n\t\t\t\t\t\t<div class=\"elementor-container elementor-column-gap-default\">\n\t\t\t\t\t<div class=\"elementor-column elementor-col-50 elementor-inner-column elementor-element elementor-element-c36031e\" data-id=\"c36031e\" data-element_type=\"column\">\n\t\t\t<div class=\"elementor-widget-wrap elementor-element-populated\">\n\t\t\t\t\t\t<div class=\"elementor-element elementor-element-02d52bf elementor-widget elementor-widget-text-editor\" data-id=\"02d52bf\" data-element_type=\"widget\" data-widget_type=\"text-editor.default\">\n\t\t\t\t<div class=\"elementor-widget-container\">\n\t\t\t\t\t\t\t\t\t<p><span style=\"font-weight: 400;\">El <\/span><b>Purplewashing o Feminism Washing<\/b><span style=\"font-weight: 400;\"> s\u00f3n les accions, gestos i campanyes, que <\/span><b>empreses i organitzacions fan liderant la igualtat i el moviment feminista, per\u00f2 que no promouen, ni amb aquestes accions ni en el seu dia a dia, cap benefici ni representen cap pas real cap a la igualtat de g\u00e8nere. <\/b><span style=\"font-weight: 400;\">En resumides comptes, s\u00f3n aquelles campanyes que es creen nom\u00e9s per generar consum i extreure benefici econ\u00f2mic i que no tenen un rerefons real. El terme va ser acunyat el 2014 per <\/span><a href=\"https:\/\/traficantes.net\/autorxs\/vasallo-brigitte\"><span style=\"font-weight: 400;\">Brigitte Vasallo<\/span><\/a><span style=\"font-weight: 400;\">, escriptora espanyola autora de Llenguatge Inclusiu i exclusi\u00f3 de classe.<\/span><\/p><p><span style=\"font-weight: 400;\">La popularitzaci\u00f3 de les pr\u00e0ctiques de Purplewashing poden fer que estiguem inundats de missatges lilas i suposadament en pro de la igualtat i el feminisme, per\u00f2 que realment estiguin buits i no ens portin a reflexionar o a assenyalar problemes reals. Com a conseq\u00fc\u00e8ncia, tot i que hi hagi m\u00e9s missatges en relaci\u00f3 al tema, <\/span><b>s\u00f3n de pitjor qualitat i poden arribar a generar l&#8217;efecte contrari, incrementant el risc de generar desinformaci\u00f3 sobre la igualtat.<\/b><\/p><p><span style=\"font-weight: 400;\">El Purplewashing \u00e9s sovint <\/span><b>conf\u00f3s amb el <\/b><a href=\"https:\/\/mynews.es\/que-es-el-pinkwashing-y-como-identificarlo\/\"><b>Pinkwashing<\/b><\/a><b>, justament relacionat amb l&#8217;imaginari com\u00fa que associa les dones amb el rosa.<\/b><span style=\"font-weight: 400;\"> El <\/span><b>Pinkwashing <\/b><span style=\"font-weight: 400;\">es refereix al mateix tipus de campanyes, per\u00f2 aplicat a la comunitat i causes LGTBIQ+. Com tots els \u201cwashings\u201d, van sorgir despr\u00e9s del terme <\/span><b>Greenwashing<\/b><span style=\"font-weight: 400;\">, que es va crear per denominar les pr\u00e0ctiques enganyoses de les empreses que pretenen projectar una imatge de responsabilitat ambiental sense un comprom\u00eds real amb la sostenibilitat.<\/span><\/p>\t\t\t\t\t\t\t\t<\/div>\n\t\t\t\t<\/div>\n\t\t\t\t\t<\/div>\n\t\t<\/div>\n\t\t\t\t<div class=\"elementor-column elementor-col-50 elementor-inner-column elementor-element elementor-element-b90dc6f\" data-id=\"b90dc6f\" data-element_type=\"column\">\n\t\t\t<div class=\"elementor-widget-wrap elementor-element-populated\">\n\t\t\t\t\t\t<div class=\"elementor-element elementor-element-593373d elementor-widget elementor-widget-image\" data-id=\"593373d\" data-element_type=\"widget\" data-widget_type=\"image.default\">\n\t\t\t\t<div class=\"elementor-widget-container\">\n\t\t\t\t\t\t\t\t\t\t\t\t\t\t\t<img fetchpriority=\"high\" decoding=\"async\" width=\"800\" height=\"807\" src=\"https:\/\/mynews.es\/wp-content\/uploads\/2024\/03\/Infografias-horizontal-1-1015x1024.jpg\" class=\"attachment-large size-large wp-image-22062\" alt=\"Diaris amb titulars de Purplewashing\" srcset=\"https:\/\/mynews.es\/wp-content\/uploads\/2024\/03\/Infografias-horizontal-1-1015x1024.jpg 1015w, https:\/\/mynews.es\/wp-content\/uploads\/2024\/03\/Infografias-horizontal-1-297x300.jpg 297w, https:\/\/mynews.es\/wp-content\/uploads\/2024\/03\/Infografias-horizontal-1-150x150.jpg 150w, https:\/\/mynews.es\/wp-content\/uploads\/2024\/03\/Infografias-horizontal-1-768x775.jpg 768w, https:\/\/mynews.es\/wp-content\/uploads\/2024\/03\/Infografias-horizontal-1.jpg 1070w\" sizes=\"(max-width: 800px) 100vw, 800px\" \/>\t\t\t\t\t\t\t\t\t\t\t\t\t\t\t<\/div>\n\t\t\t\t<\/div>\n\t\t\t\t\t<\/div>\n\t\t<\/div>\n\t\t\t\t\t<\/div>\n\t\t<\/section>\n\t\t\t\t\t<\/div>\n\t\t<\/div>\n\t\t\t\t\t<\/div>\n\t\t<\/section>\n\t\t\t\t<section class=\"elementor-section elementor-top-section elementor-element elementor-element-fa2a1be elementor-section-boxed elementor-section-height-default elementor-section-height-default\" data-id=\"fa2a1be\" data-element_type=\"section\" data-settings=\"{&quot;jet_parallax_layout_list&quot;:[{&quot;jet_parallax_layout_image&quot;:{&quot;url&quot;:&quot;&quot;,&quot;id&quot;:&quot;&quot;,&quot;size&quot;:&quot;&quot;},&quot;_id&quot;:&quot;fc8a13f&quot;,&quot;jet_parallax_layout_image_tablet&quot;:{&quot;url&quot;:&quot;&quot;,&quot;id&quot;:&quot;&quot;,&quot;size&quot;:&quot;&quot;},&quot;jet_parallax_layout_image_mobile&quot;:{&quot;url&quot;:&quot;&quot;,&quot;id&quot;:&quot;&quot;,&quot;size&quot;:&quot;&quot;},&quot;jet_parallax_layout_speed&quot;:{&quot;unit&quot;:&quot;%&quot;,&quot;size&quot;:50,&quot;sizes&quot;:[]},&quot;jet_parallax_layout_type&quot;:&quot;scroll&quot;,&quot;jet_parallax_layout_direction&quot;:&quot;1&quot;,&quot;jet_parallax_layout_fx_direction&quot;:null,&quot;jet_parallax_layout_z_index&quot;:&quot;&quot;,&quot;jet_parallax_layout_bg_x&quot;:50,&quot;jet_parallax_layout_bg_x_tablet&quot;:&quot;&quot;,&quot;jet_parallax_layout_bg_x_mobile&quot;:&quot;&quot;,&quot;jet_parallax_layout_bg_y&quot;:50,&quot;jet_parallax_layout_bg_y_tablet&quot;:&quot;&quot;,&quot;jet_parallax_layout_bg_y_mobile&quot;:&quot;&quot;,&quot;jet_parallax_layout_bg_size&quot;:&quot;auto&quot;,&quot;jet_parallax_layout_bg_size_tablet&quot;:&quot;&quot;,&quot;jet_parallax_layout_bg_size_mobile&quot;:&quot;&quot;,&quot;jet_parallax_layout_animation_prop&quot;:&quot;transform&quot;,&quot;jet_parallax_layout_on&quot;:[&quot;desktop&quot;,&quot;tablet&quot;]}]}\">\n\t\t\t\t\t\t<div class=\"elementor-container elementor-column-gap-default\">\n\t\t\t\t\t<div class=\"elementor-column elementor-col-100 elementor-top-column elementor-element elementor-element-f56b946\" data-id=\"f56b946\" data-element_type=\"column\">\n\t\t\t<div class=\"elementor-widget-wrap elementor-element-populated\">\n\t\t\t\t\t\t<div class=\"elementor-element elementor-element-9d34c1f elementor-widget elementor-widget-heading\" data-id=\"9d34c1f\" data-element_type=\"widget\" data-widget_type=\"heading.default\">\n\t\t\t\t<div class=\"elementor-widget-container\">\n\t\t\t\t\t<h2 class=\"elementor-heading-title elementor-size-default\">Estrat\u00e8gies per evitar el Purplewashing<\/h2>\t\t\t\t<\/div>\n\t\t\t\t<\/div>\n\t\t\t\t<div class=\"elementor-element elementor-element-4ba843e elementor-widget elementor-widget-text-editor\" data-id=\"4ba843e\" data-element_type=\"widget\" data-widget_type=\"text-editor.default\">\n\t\t\t\t<div class=\"elementor-widget-container\">\n\t\t\t\t\t\t\t\t\t<p><span style=\"font-weight: 400;\">Cada vegada la societat est\u00e0 m\u00e9s conscienciada amb la igualtat de g\u00e8nere. I aix\u00f2 tamb\u00e9 genera que moltes empreses i organitzacions es sumin al carro d&#8217;informar sobre igualtat, perspectiva de g\u00e8nere i feminisme per arribar a m\u00e9s audi\u00e8ncia. Aquesta tend\u00e8ncia pot ser un arma de doble tall. Per una banda, que es generi informaci\u00f3 sobre igualtat ajuda a avan\u00e7ar i promoure la consci\u00e8ncia social sobre aix\u00f2, per\u00f2 per altra banda, poden sorgir <\/span><b>missatges buits, que no aporten a la causa i que nom\u00e9s s&#8217;utilitzen per donar una cara igualit\u00e0ria irreal. <\/b><span style=\"font-weight: 400;\">Quan arriba mar\u00e7, moltes empreses es plantegen generar missatges pel Dia Internacional de la Dona, i \u00e9s per aix\u00f2 que t\u2019expliquem <\/span><b>6 estrat\u00e8gies per evitar caure en el Purplewashing:<\/b><\/p>\t\t\t\t\t\t\t\t<\/div>\n\t\t\t\t<\/div>\n\t\t\t\t<div class=\"elementor-element elementor-element-dcf5e59 elementor-widget elementor-widget-image\" data-id=\"dcf5e59\" data-element_type=\"widget\" data-widget_type=\"image.default\">\n\t\t\t\t<div class=\"elementor-widget-container\">\n\t\t\t\t\t\t\t\t\t\t\t\t\t\t\t<img decoding=\"async\" width=\"800\" height=\"388\" src=\"https:\/\/mynews.es\/wp-content\/uploads\/2024\/03\/Infografia-Evita-Purplewashing-catala-1024x497.png\" class=\"attachment-large size-large wp-image-22070\" alt=\"Infografia de les claus per evitar el purplewashing\" srcset=\"https:\/\/mynews.es\/wp-content\/uploads\/2024\/03\/Infografia-Evita-Purplewashing-catala-1024x497.png 1024w, https:\/\/mynews.es\/wp-content\/uploads\/2024\/03\/Infografia-Evita-Purplewashing-catala-300x146.png 300w, https:\/\/mynews.es\/wp-content\/uploads\/2024\/03\/Infografia-Evita-Purplewashing-catala-768x373.png 768w, https:\/\/mynews.es\/wp-content\/uploads\/2024\/03\/Infografia-Evita-Purplewashing-catala-1536x746.png 1536w, https:\/\/mynews.es\/wp-content\/uploads\/2024\/03\/Infografia-Evita-Purplewashing-catala.png 1920w\" sizes=\"(max-width: 800px) 100vw, 800px\" \/>\t\t\t\t\t\t\t\t\t\t\t\t\t\t\t<\/div>\n\t\t\t\t<\/div>\n\t\t\t\t<section class=\"elementor-section elementor-inner-section elementor-element elementor-element-6862710 elementor-section-boxed elementor-section-height-default elementor-section-height-default\" data-id=\"6862710\" data-element_type=\"section\" data-settings=\"{&quot;jet_parallax_layout_list&quot;:[{&quot;jet_parallax_layout_image&quot;:{&quot;url&quot;:&quot;&quot;,&quot;id&quot;:&quot;&quot;,&quot;size&quot;:&quot;&quot;},&quot;_id&quot;:&quot;d47d595&quot;,&quot;jet_parallax_layout_image_tablet&quot;:{&quot;url&quot;:&quot;&quot;,&quot;id&quot;:&quot;&quot;,&quot;size&quot;:&quot;&quot;},&quot;jet_parallax_layout_image_mobile&quot;:{&quot;url&quot;:&quot;&quot;,&quot;id&quot;:&quot;&quot;,&quot;size&quot;:&quot;&quot;},&quot;jet_parallax_layout_speed&quot;:{&quot;unit&quot;:&quot;%&quot;,&quot;size&quot;:50,&quot;sizes&quot;:[]},&quot;jet_parallax_layout_type&quot;:&quot;scroll&quot;,&quot;jet_parallax_layout_direction&quot;:&quot;1&quot;,&quot;jet_parallax_layout_fx_direction&quot;:null,&quot;jet_parallax_layout_z_index&quot;:&quot;&quot;,&quot;jet_parallax_layout_bg_x&quot;:50,&quot;jet_parallax_layout_bg_x_tablet&quot;:&quot;&quot;,&quot;jet_parallax_layout_bg_x_mobile&quot;:&quot;&quot;,&quot;jet_parallax_layout_bg_y&quot;:50,&quot;jet_parallax_layout_bg_y_tablet&quot;:&quot;&quot;,&quot;jet_parallax_layout_bg_y_mobile&quot;:&quot;&quot;,&quot;jet_parallax_layout_bg_size&quot;:&quot;auto&quot;,&quot;jet_parallax_layout_bg_size_tablet&quot;:&quot;&quot;,&quot;jet_parallax_layout_bg_size_mobile&quot;:&quot;&quot;,&quot;jet_parallax_layout_animation_prop&quot;:&quot;transform&quot;,&quot;jet_parallax_layout_on&quot;:[&quot;desktop&quot;,&quot;tablet&quot;]}]}\">\n\t\t\t\t\t\t<div class=\"elementor-container elementor-column-gap-default\">\n\t\t\t\t\t<div class=\"elementor-column elementor-col-100 elementor-inner-column elementor-element elementor-element-67f5254\" data-id=\"67f5254\" data-element_type=\"column\">\n\t\t\t<div class=\"elementor-widget-wrap elementor-element-populated\">\n\t\t\t\t\t\t<div class=\"elementor-element elementor-element-98e5690 elementor-widget elementor-widget-text-editor\" data-id=\"98e5690\" data-element_type=\"widget\" data-widget_type=\"text-editor.default\">\n\t\t\t\t<div class=\"elementor-widget-container\">\n\t\t\t\t\t\t\t\t\t<p style=\"padding-left: 40px;\"><b>1. <span style=\"text-decoration: underline;\">Autenticitat i coher\u00e8ncia<\/span>: <\/b><span style=\"font-weight: 400;\">Assegura&#8217;t que les teves accions i missatges reflecteixin un comprom\u00eds real amb la igualtat de g\u00e8nere. Aix\u00f2 implica<\/span><b> alinear els teus valors i pr\u00e0ctiques internes amb els teus missatges externs. Les teves accions externes han de reflectir el que ets perqu\u00e8 els teus missatges siguin coherents i consistents. <\/b><span style=\"font-weight: 400;\">\u00c9s per aix\u00f2 que el teu comprom\u00eds amb els valors d&#8217;igualtat ha de comen\u00e7ar a l&#8217;interior. D&#8217;aquesta manera, evitar\u00e0s que puguin haver-hi contradiccions, que la teva comunicaci\u00f3 perdi credibilitat i estar\u00e0s construint autoritat de marca per parlar d&#8217;igualtat, perspectiva de g\u00e8nere i feminisme.<\/span><\/p><p style=\"padding-left: 40px;\"><b>2. <span style=\"text-decoration: underline;\">La transpar\u00e8ncia \u00e9s el teu millor esl\u00f2gan<\/span>: <\/b><span style=\"font-weight: 400;\">La transpar\u00e8ncia \u00e9s clau perqu\u00e8 el p\u00fablic percebi els teus valors. Sigues transparent sobre les teves <\/span><b>pol\u00edtiques, pr\u00e0ctiques i compromisos relacionats amb la igualtat de g\u00e8nere. <\/b><span style=\"font-weight: 400;\">Comunica de manera clara i honesta sobre com la teva empresa o ag\u00e8ncia de comunicaci\u00f3 est\u00e0 treballant per abordar les desigualtats de g\u00e8nere i promoure la diversitat i inclusi\u00f3. Aix\u00ed augmentar\u00e0s la confian\u00e7a tant en la teva marca com en campanyes posteriors i mantindr\u00e0s la teva credibilitat relacionada amb la igualtat i no hi haur\u00e0 sospita de Purplewashing.<\/span><\/p><p style=\"padding-left: 40px;\"><b>3. <span style=\"text-decoration: underline;\">Comprom\u00eds a llarg termini<\/span>:<\/b><span style=\"font-weight: 400;\"> \u00c9s fonamental que les accions de comunicaci\u00f3 vagin <\/span><b>m\u00e9s enll\u00e0 de simples campanyes espor\u00e0diques, establint un comprom\u00eds a llarg termini amb la igualtat de g\u00e8nere. <\/b><span style=\"font-weight: 400;\">Aix\u00f2 implica tamb\u00e9, a nivell intern implementar pol\u00edtiques d&#8217;igualtat salarial i programes de desenvolupament professional per a dones, aix\u00ed com donar suport o promoure cont\u00ednuament causes que treballen per l&#8217;equitat i igualtat de g\u00e8nere. Aquestes accions han de ser consistents i sostenibles en el temps, garantint un impacte real i durador en la promoci\u00f3 de la igualtat de g\u00e8nere.<\/span><\/p><p style=\"padding-left: 40px;\"><b>4. <span style=\"text-decoration: underline;\">Donar veu a les protagonistes i la seva realitat<\/span>:<\/b><span style=\"font-weight: 400;\"> Prioritza la r<\/span><b>epresentaci\u00f3 aut\u00e8ntica de les experi\u00e8ncies i perspectives de les dones <\/b><span style=\"font-weight: 400;\">en els teus missatges i campanyes. <\/span><b>Escolta activament i amplifica les veus de les dones,<\/b><span style=\"font-weight: 400;\"> oferint plataformes perqu\u00e8 comparteixin les seves hist\u00f2ries, reptes i \u00e8xits. Aix\u00f2 no nom\u00e9s contribuir\u00e0 a visibilitzar les realitats diverses de les dones, sin\u00f3 que tamb\u00e9 promour\u00e0 <\/span><b>l&#8217;empatia i la comprensi\u00f3 entre la teva audi\u00e8ncia.<\/b><\/p><p style=\"padding-left: 40px;\"><b>5. <span style=\"text-decoration: underline;\">\u00c8mfasi en la inclusi\u00f3 i la diversitat<\/span>:<\/b><span style=\"font-weight: 400;\"> La transversalitat \u00e9s primordial en la representaci\u00f3 del comprom\u00eds social. Destaca la import\u00e0ncia de la inclusi\u00f3 i la diversitat en totes les teves comunicacions, reconeixent i celebrant les diverses veus i experi\u00e8ncies. <\/span><b>Incorpora la representaci\u00f3 equitativa <\/b><span style=\"font-weight: 400;\">de dones de diferents or\u00edgens \u00e8tnics, culturals, socioecon\u00f2mics i de identitats de g\u00e8nere diverses en les teves campanyes i missatges.<\/span><\/p><p style=\"padding-left: 40px;\"><b>6. <span style=\"text-decoration: underline;\">Escolta activa i continuada i aprenentatge continu<\/span>:<\/b><span style=\"font-weight: 400;\"> \u00c9s fonamental e<\/span><b>scoltar activament les veus i experi\u00e8ncies de les professionals dins de la nostra pr\u00f2pia organitzaci\u00f3<\/b><span style=\"font-weight: 400;\">, a m\u00e9s de les autoritats experts compromeses amb la igualtat de g\u00e8nere. Utilitzar les eines que tens al teu abast t&#8217;ajudar\u00e0 a retroalimentar les teves accions i millorar en qualitat i representaci\u00f3. Estar oberts a l&#8217;aprenentatge, a l&#8217;autocr\u00edtica et permetr\u00e0 <\/span><b>comprendre millor les necessitats i preocupacions<\/b><span style=\"font-weight: 400;\">, la qual cosa ens capacita per adaptar les nostres estrat\u00e8gies de comunicaci\u00f3 de manera m\u00e9s efectiva i aut\u00e8ntica i fugir del Purplewashing.<\/span><\/p><p>\u00a0<\/p><p><b>En resum: predica amb l&#8217;exemple.<\/b><\/p>\t\t\t\t\t\t\t\t<\/div>\n\t\t\t\t<\/div>\n\t\t\t\t\t<\/div>\n\t\t<\/div>\n\t\t\t\t\t<\/div>\n\t\t<\/section>\n\t\t\t\t\t<\/div>\n\t\t<\/div>\n\t\t\t\t\t<\/div>\n\t\t<\/section>\n\t\t\t\t<section class=\"elementor-section elementor-top-section elementor-element elementor-element-5a7f6a2 elementor-section-boxed elementor-section-height-default elementor-section-height-default\" data-id=\"5a7f6a2\" data-element_type=\"section\" data-settings=\"{&quot;jet_parallax_layout_list&quot;:[{&quot;jet_parallax_layout_image&quot;:{&quot;url&quot;:&quot;&quot;,&quot;id&quot;:&quot;&quot;,&quot;size&quot;:&quot;&quot;},&quot;_id&quot;:&quot;fc8a13f&quot;,&quot;jet_parallax_layout_image_tablet&quot;:{&quot;url&quot;:&quot;&quot;,&quot;id&quot;:&quot;&quot;,&quot;size&quot;:&quot;&quot;},&quot;jet_parallax_layout_image_mobile&quot;:{&quot;url&quot;:&quot;&quot;,&quot;id&quot;:&quot;&quot;,&quot;size&quot;:&quot;&quot;},&quot;jet_parallax_layout_speed&quot;:{&quot;unit&quot;:&quot;%&quot;,&quot;size&quot;:50,&quot;sizes&quot;:[]},&quot;jet_parallax_layout_type&quot;:&quot;scroll&quot;,&quot;jet_parallax_layout_direction&quot;:&quot;1&quot;,&quot;jet_parallax_layout_fx_direction&quot;:null,&quot;jet_parallax_layout_z_index&quot;:&quot;&quot;,&quot;jet_parallax_layout_bg_x&quot;:50,&quot;jet_parallax_layout_bg_x_tablet&quot;:&quot;&quot;,&quot;jet_parallax_layout_bg_x_mobile&quot;:&quot;&quot;,&quot;jet_parallax_layout_bg_y&quot;:50,&quot;jet_parallax_layout_bg_y_tablet&quot;:&quot;&quot;,&quot;jet_parallax_layout_bg_y_mobile&quot;:&quot;&quot;,&quot;jet_parallax_layout_bg_size&quot;:&quot;auto&quot;,&quot;jet_parallax_layout_bg_size_tablet&quot;:&quot;&quot;,&quot;jet_parallax_layout_bg_size_mobile&quot;:&quot;&quot;,&quot;jet_parallax_layout_animation_prop&quot;:&quot;transform&quot;,&quot;jet_parallax_layout_on&quot;:[&quot;desktop&quot;,&quot;tablet&quot;]}]}\">\n\t\t\t\t\t\t<div class=\"elementor-container elementor-column-gap-default\">\n\t\t\t\t\t<div class=\"elementor-column elementor-col-100 elementor-top-column elementor-element elementor-element-71c9fc2\" data-id=\"71c9fc2\" data-element_type=\"column\">\n\t\t\t<div class=\"elementor-widget-wrap elementor-element-populated\">\n\t\t\t\t\t\t<div class=\"elementor-element elementor-element-9190ff7 elementor-widget elementor-widget-heading\" data-id=\"9190ff7\" data-element_type=\"widget\" data-widget_type=\"heading.default\">\n\t\t\t\t<div class=\"elementor-widget-container\">\n\t\t\t\t\t<h2 class=\"elementor-heading-title elementor-size-default\">Com identifiquem el Purplewashing?<\/h2>\t\t\t\t<\/div>\n\t\t\t\t<\/div>\n\t\t\t\t<div class=\"elementor-element elementor-element-324e89a elementor-widget elementor-widget-text-editor\" data-id=\"324e89a\" data-element_type=\"widget\" data-widget_type=\"text-editor.default\">\n\t\t\t\t<div class=\"elementor-widget-container\">\n\t\t\t\t\t\t\t\t\t<p><span style=\"font-weight: 400;\">El Purplewashing \u00e9s f\u00e0cilment evitable si l&#8217;objectiu del teu missatge pret\u00e9n <\/span><b>visibilitzar, assenyalar i donar veu als valors d&#8217;igualtat<\/b><span style=\"font-weight: 400;\">. Aqu\u00ed us deixem una preguntes que us poden ajudar a identificar el Purplewashing i a <\/span><b>construir un missatge que promogui la igualtat i que no sigui nom\u00e9s una m\u00e0scara<\/b><span style=\"font-weight: 400;\">. Si la resposta a les preguntes \u00e9s s\u00ed: \u00a1Endavant!<\/span><\/p>\t\t\t\t\t\t\t\t<\/div>\n\t\t\t\t<\/div>\n\t\t\t\t<div class=\"elementor-element elementor-element-f9d43cb elementor-widget elementor-widget-image\" data-id=\"f9d43cb\" data-element_type=\"widget\" data-widget_type=\"image.default\">\n\t\t\t\t<div class=\"elementor-widget-container\">\n\t\t\t\t\t\t\t\t\t\t\t\t\t\t\t<img decoding=\"async\" width=\"800\" height=\"450\" src=\"https:\/\/mynews.es\/wp-content\/uploads\/2024\/03\/Infografia-Detectar-Purplewashing-catala-1024x576.png\" class=\"attachment-large size-large wp-image-22072\" alt=\"Infografia de com detectar el purplewashing\" srcset=\"https:\/\/mynews.es\/wp-content\/uploads\/2024\/03\/Infografia-Detectar-Purplewashing-catala-1024x576.png 1024w, https:\/\/mynews.es\/wp-content\/uploads\/2024\/03\/Infografia-Detectar-Purplewashing-catala-300x169.png 300w, https:\/\/mynews.es\/wp-content\/uploads\/2024\/03\/Infografia-Detectar-Purplewashing-catala-768x432.png 768w, https:\/\/mynews.es\/wp-content\/uploads\/2024\/03\/Infografia-Detectar-Purplewashing-catala-1536x864.png 1536w, https:\/\/mynews.es\/wp-content\/uploads\/2024\/03\/Infografia-Detectar-Purplewashing-catala.png 1920w\" sizes=\"(max-width: 800px) 100vw, 800px\" \/>\t\t\t\t\t\t\t\t\t\t\t\t\t\t\t<\/div>\n\t\t\t\t<\/div>\n\t\t\t\t<section class=\"elementor-section elementor-inner-section elementor-element elementor-element-ac908ec elementor-section-boxed elementor-section-height-default elementor-section-height-default\" data-id=\"ac908ec\" data-element_type=\"section\" data-settings=\"{&quot;jet_parallax_layout_list&quot;:[{&quot;jet_parallax_layout_image&quot;:{&quot;url&quot;:&quot;&quot;,&quot;id&quot;:&quot;&quot;,&quot;size&quot;:&quot;&quot;},&quot;_id&quot;:&quot;d47d595&quot;,&quot;jet_parallax_layout_image_tablet&quot;:{&quot;url&quot;:&quot;&quot;,&quot;id&quot;:&quot;&quot;,&quot;size&quot;:&quot;&quot;},&quot;jet_parallax_layout_image_mobile&quot;:{&quot;url&quot;:&quot;&quot;,&quot;id&quot;:&quot;&quot;,&quot;size&quot;:&quot;&quot;},&quot;jet_parallax_layout_speed&quot;:{&quot;unit&quot;:&quot;%&quot;,&quot;size&quot;:50,&quot;sizes&quot;:[]},&quot;jet_parallax_layout_type&quot;:&quot;scroll&quot;,&quot;jet_parallax_layout_direction&quot;:&quot;1&quot;,&quot;jet_parallax_layout_fx_direction&quot;:null,&quot;jet_parallax_layout_z_index&quot;:&quot;&quot;,&quot;jet_parallax_layout_bg_x&quot;:50,&quot;jet_parallax_layout_bg_x_tablet&quot;:&quot;&quot;,&quot;jet_parallax_layout_bg_x_mobile&quot;:&quot;&quot;,&quot;jet_parallax_layout_bg_y&quot;:50,&quot;jet_parallax_layout_bg_y_tablet&quot;:&quot;&quot;,&quot;jet_parallax_layout_bg_y_mobile&quot;:&quot;&quot;,&quot;jet_parallax_layout_bg_size&quot;:&quot;auto&quot;,&quot;jet_parallax_layout_bg_size_tablet&quot;:&quot;&quot;,&quot;jet_parallax_layout_bg_size_mobile&quot;:&quot;&quot;,&quot;jet_parallax_layout_animation_prop&quot;:&quot;transform&quot;,&quot;jet_parallax_layout_on&quot;:[&quot;desktop&quot;,&quot;tablet&quot;]}]}\">\n\t\t\t\t\t\t<div class=\"elementor-container elementor-column-gap-default\">\n\t\t\t\t\t<div class=\"elementor-column elementor-col-100 elementor-inner-column elementor-element elementor-element-7869305\" data-id=\"7869305\" data-element_type=\"column\">\n\t\t\t<div class=\"elementor-widget-wrap elementor-element-populated\">\n\t\t\t\t\t\t<div class=\"elementor-element elementor-element-3ff839d elementor-widget elementor-widget-text-editor\" data-id=\"3ff839d\" data-element_type=\"widget\" data-widget_type=\"text-editor.default\">\n\t\t\t\t<div class=\"elementor-widget-container\">\n\t\t\t\t\t\t\t\t\t<p style=\"padding-left: 40px;\"><b>+ Els teus valors estan alineats amb la causa? <\/b><span style=\"font-weight: 400;\">Pregunta&#8217;t si la causa respon als valors de l&#8217;empresa o si ho fa perqu\u00e8 afavoreix a la teva imatge de marca parlar-ne.<\/span><\/p><p style=\"padding-left: 40px;\"><b>+ La campanya aporta algun valor a la causa?<\/b><span style=\"font-weight: 400;\"> La resposta ser\u00e0 s\u00ed si la teva organitzaci\u00f3 est\u00e0 ajudant, m\u00e9s enll\u00e0 de la \u201cmoda\u201d, a visibilitzar el problema i porteu temps construint-lo.<\/span><\/p><p style=\"padding-left: 40px;\"><b>+ La teva campanya t\u00e9 algun altre objectiu que no sigui comercial? <\/b><span style=\"font-weight: 400;\">Si el teu missatge est\u00e0 buit i nom\u00e9s busca vendre, llavors \u00e9s Purplewashing.<\/span><\/p><p style=\"padding-left: 40px;\"><b>+ Promous la causa a nivell intern?<\/b><span style=\"font-weight: 400;\"> Si defenses una causa, o qualsevol valor, assegura&#8217;t d&#8217;incloure&#8217;l en la teva comunicaci\u00f3 i pol\u00edtica interna.<\/span><\/p><p style=\"padding-left: 40px;\"><b>+ T&#8217;hi compromets a llarg termini? <\/b><span style=\"font-weight: 400;\">Si defenses una causa o moviment, llavors has de treballar per visibilitzar i aplicar constantment pol\u00edtiques que el facin favorable. Si acabes de comen\u00e7ar, treballa en qu\u00e8 sigui consistent.<\/span><\/p>\t\t\t\t\t\t\t\t<\/div>\n\t\t\t\t<\/div>\n\t\t\t\t\t<\/div>\n\t\t<\/div>\n\t\t\t\t\t<\/div>\n\t\t<\/section>\n\t\t\t\t\t<\/div>\n\t\t<\/div>\n\t\t\t\t\t<\/div>\n\t\t<\/section>\n\t\t\t\t<section class=\"elementor-section elementor-top-section elementor-element elementor-element-5fc1e98 elementor-section-boxed elementor-section-height-default elementor-section-height-default\" data-id=\"5fc1e98\" data-element_type=\"section\" data-settings=\"{&quot;jet_parallax_layout_list&quot;:[{&quot;jet_parallax_layout_image&quot;:{&quot;url&quot;:&quot;&quot;,&quot;id&quot;:&quot;&quot;,&quot;size&quot;:&quot;&quot;},&quot;_id&quot;:&quot;34bb8e9&quot;,&quot;jet_parallax_layout_image_tablet&quot;:{&quot;url&quot;:&quot;&quot;,&quot;id&quot;:&quot;&quot;,&quot;size&quot;:&quot;&quot;},&quot;jet_parallax_layout_image_mobile&quot;:{&quot;url&quot;:&quot;&quot;,&quot;id&quot;:&quot;&quot;,&quot;size&quot;:&quot;&quot;},&quot;jet_parallax_layout_speed&quot;:{&quot;unit&quot;:&quot;%&quot;,&quot;size&quot;:50,&quot;sizes&quot;:[]},&quot;jet_parallax_layout_type&quot;:&quot;scroll&quot;,&quot;jet_parallax_layout_direction&quot;:&quot;1&quot;,&quot;jet_parallax_layout_fx_direction&quot;:null,&quot;jet_parallax_layout_z_index&quot;:&quot;&quot;,&quot;jet_parallax_layout_bg_x&quot;:50,&quot;jet_parallax_layout_bg_x_tablet&quot;:&quot;&quot;,&quot;jet_parallax_layout_bg_x_mobile&quot;:&quot;&quot;,&quot;jet_parallax_layout_bg_y&quot;:50,&quot;jet_parallax_layout_bg_y_tablet&quot;:&quot;&quot;,&quot;jet_parallax_layout_bg_y_mobile&quot;:&quot;&quot;,&quot;jet_parallax_layout_bg_size&quot;:&quot;auto&quot;,&quot;jet_parallax_layout_bg_size_tablet&quot;:&quot;&quot;,&quot;jet_parallax_layout_bg_size_mobile&quot;:&quot;&quot;,&quot;jet_parallax_layout_animation_prop&quot;:&quot;transform&quot;,&quot;jet_parallax_layout_on&quot;:[&quot;desktop&quot;,&quot;tablet&quot;]}]}\">\n\t\t\t\t\t\t<div class=\"elementor-container elementor-column-gap-default\">\n\t\t\t\t\t<div class=\"elementor-column elementor-col-100 elementor-top-column elementor-element elementor-element-2f3b988\" data-id=\"2f3b988\" data-element_type=\"column\">\n\t\t\t<div class=\"elementor-widget-wrap\">\n\t\t\t\t\t\t\t<\/div>\n\t\t<\/div>\n\t\t\t\t\t<\/div>\n\t\t<\/section>\n\t\t\t\t<section class=\"elementor-section elementor-top-section elementor-element elementor-element-2d6d7c7 elementor-section-boxed elementor-section-height-default elementor-section-height-default\" data-id=\"2d6d7c7\" data-element_type=\"section\" data-settings=\"{&quot;jet_parallax_layout_list&quot;:[{&quot;jet_parallax_layout_image&quot;:{&quot;url&quot;:&quot;&quot;,&quot;id&quot;:&quot;&quot;,&quot;size&quot;:&quot;&quot;},&quot;_id&quot;:&quot;76cf8ec&quot;,&quot;jet_parallax_layout_image_tablet&quot;:{&quot;url&quot;:&quot;&quot;,&quot;id&quot;:&quot;&quot;,&quot;size&quot;:&quot;&quot;},&quot;jet_parallax_layout_image_mobile&quot;:{&quot;url&quot;:&quot;&quot;,&quot;id&quot;:&quot;&quot;,&quot;size&quot;:&quot;&quot;},&quot;jet_parallax_layout_speed&quot;:{&quot;unit&quot;:&quot;%&quot;,&quot;size&quot;:50,&quot;sizes&quot;:[]},&quot;jet_parallax_layout_type&quot;:&quot;scroll&quot;,&quot;jet_parallax_layout_direction&quot;:&quot;1&quot;,&quot;jet_parallax_layout_fx_direction&quot;:null,&quot;jet_parallax_layout_z_index&quot;:&quot;&quot;,&quot;jet_parallax_layout_bg_x&quot;:50,&quot;jet_parallax_layout_bg_x_tablet&quot;:&quot;&quot;,&quot;jet_parallax_layout_bg_x_mobile&quot;:&quot;&quot;,&quot;jet_parallax_layout_bg_y&quot;:50,&quot;jet_parallax_layout_bg_y_tablet&quot;:&quot;&quot;,&quot;jet_parallax_layout_bg_y_mobile&quot;:&quot;&quot;,&quot;jet_parallax_layout_bg_size&quot;:&quot;auto&quot;,&quot;jet_parallax_layout_bg_size_tablet&quot;:&quot;&quot;,&quot;jet_parallax_layout_bg_size_mobile&quot;:&quot;&quot;,&quot;jet_parallax_layout_animation_prop&quot;:&quot;transform&quot;,&quot;jet_parallax_layout_on&quot;:[&quot;desktop&quot;,&quot;tablet&quot;]}]}\">\n\t\t\t\t\t\t<div class=\"elementor-container elementor-column-gap-default\">\n\t\t\t\t\t<div class=\"elementor-column elementor-col-100 elementor-top-column elementor-element elementor-element-5872260\" data-id=\"5872260\" data-element_type=\"column\">\n\t\t\t<div class=\"elementor-widget-wrap elementor-element-populated\">\n\t\t\t\t\t\t<div class=\"elementor-element elementor-element-16f3d07 elementor-widget elementor-widget-text-editor\" data-id=\"16f3d07\" data-element_type=\"widget\" data-widget_type=\"text-editor.default\">\n\t\t\t\t<div class=\"elementor-widget-container\">\n\t\t\t\t\t\t\t\t\t<h4><span style=\"text-decoration: underline;\"><strong>\u00daltimos posts de MyNews<\/strong><\/span><\/h4>\t\t\t\t\t\t\t\t<\/div>\n\t\t\t\t<\/div>\n\t\t\t\t\t<\/div>\n\t\t<\/div>\n\t\t\t\t\t<\/div>\n\t\t<\/section>\n\t\t\t\t<section class=\"elementor-section elementor-top-section elementor-element elementor-element-1769cbe elementor-section-boxed elementor-section-height-default elementor-section-height-default\" data-id=\"1769cbe\" data-element_type=\"section\" data-settings=\"{&quot;jet_parallax_layout_list&quot;:[{&quot;jet_parallax_layout_image&quot;:{&quot;url&quot;:&quot;&quot;,&quot;id&quot;:&quot;&quot;,&quot;size&quot;:&quot;&quot;},&quot;_id&quot;:&quot;9a963d6&quot;,&quot;jet_parallax_layout_image_tablet&quot;:{&quot;url&quot;:&quot;&quot;,&quot;id&quot;:&quot;&quot;,&quot;size&quot;:&quot;&quot;},&quot;jet_parallax_layout_image_mobile&quot;:{&quot;url&quot;:&quot;&quot;,&quot;id&quot;:&quot;&quot;,&quot;size&quot;:&quot;&quot;},&quot;jet_parallax_layout_speed&quot;:{&quot;unit&quot;:&quot;%&quot;,&quot;size&quot;:50,&quot;sizes&quot;:[]},&quot;jet_parallax_layout_type&quot;:&quot;scroll&quot;,&quot;jet_parallax_layout_direction&quot;:&quot;1&quot;,&quot;jet_parallax_layout_fx_direction&quot;:null,&quot;jet_parallax_layout_z_index&quot;:&quot;&quot;,&quot;jet_parallax_layout_bg_x&quot;:50,&quot;jet_parallax_layout_bg_x_tablet&quot;:&quot;&quot;,&quot;jet_parallax_layout_bg_x_mobile&quot;:&quot;&quot;,&quot;jet_parallax_layout_bg_y&quot;:50,&quot;jet_parallax_layout_bg_y_tablet&quot;:&quot;&quot;,&quot;jet_parallax_layout_bg_y_mobile&quot;:&quot;&quot;,&quot;jet_parallax_layout_bg_size&quot;:&quot;auto&quot;,&quot;jet_parallax_layout_bg_size_tablet&quot;:&quot;&quot;,&quot;jet_parallax_layout_bg_size_mobile&quot;:&quot;&quot;,&quot;jet_parallax_layout_animation_prop&quot;:&quot;transform&quot;,&quot;jet_parallax_layout_on&quot;:[&quot;desktop&quot;,&quot;tablet&quot;]}]}\">\n\t\t\t\t\t\t<div class=\"elementor-container elementor-column-gap-default\">\n\t\t\t\t\t<div class=\"elementor-column elementor-col-100 elementor-top-column elementor-element elementor-element-056dcb1\" data-id=\"056dcb1\" data-element_type=\"column\">\n\t\t\t<div class=\"elementor-widget-wrap elementor-element-populated\">\n\t\t\t\t\t\t<div class=\"elementor-element elementor-element-efd658e elementor-grid-3 elementor-grid-tablet-2 elementor-grid-mobile-1 elementor-posts--thumbnail-top elementor-widget elementor-widget-posts\" data-id=\"efd658e\" data-element_type=\"widget\" data-settings=\"{&quot;classic_columns&quot;:&quot;3&quot;,&quot;classic_columns_tablet&quot;:&quot;2&quot;,&quot;classic_columns_mobile&quot;:&quot;1&quot;,&quot;classic_row_gap&quot;:{&quot;unit&quot;:&quot;px&quot;,&quot;size&quot;:35,&quot;sizes&quot;:[]},&quot;classic_row_gap_tablet&quot;:{&quot;unit&quot;:&quot;px&quot;,&quot;size&quot;:&quot;&quot;,&quot;sizes&quot;:[]},&quot;classic_row_gap_mobile&quot;:{&quot;unit&quot;:&quot;px&quot;,&quot;size&quot;:&quot;&quot;,&quot;sizes&quot;:[]}}\" data-widget_type=\"posts.classic\">\n\t\t\t\t<div class=\"elementor-widget-container\">\n\t\t\t\t\t\t\t<div class=\"elementor-posts-container elementor-posts elementor-posts--skin-classic elementor-grid\" role=\"list\">\n\t\t\t\t<article class=\"elementor-post elementor-grid-item post-22134 post type-post status-publish format-standard has-post-thumbnail hentry category-comunicacion-2 category-entrevistas tag-dircom-ca tag-comunicacion tag-comunicacio-corporativa\" role=\"listitem\">\n\t\t\t\t<a class=\"elementor-post__thumbnail__link\" href=\"https:\/\/mynews.es\/ca\/mydircom-paola-herrera-dircom-museo-legends\/\" tabindex=\"-1\" >\n\t\t\t<div class=\"elementor-post__thumbnail\"><img loading=\"lazy\" decoding=\"async\" width=\"259\" height=\"300\" src=\"https:\/\/mynews.es\/wp-content\/uploads\/2025\/03\/MyDircom_PaolaHerrera-259x300.jpg\" class=\"attachment-medium size-medium wp-image-22093\" alt=\"Entrevista MyDircom a Paola Herrera\" srcset=\"https:\/\/mynews.es\/wp-content\/uploads\/2025\/03\/MyDircom_PaolaHerrera-259x300.jpg 259w, https:\/\/mynews.es\/wp-content\/uploads\/2025\/03\/MyDircom_PaolaHerrera-883x1024.jpg 883w, https:\/\/mynews.es\/wp-content\/uploads\/2025\/03\/MyDircom_PaolaHerrera-768x891.jpg 768w, https:\/\/mynews.es\/wp-content\/uploads\/2025\/03\/MyDircom_PaolaHerrera.jpg 1080w\" sizes=\"(max-width: 259px) 100vw, 259px\" \/><\/div>\n\t\t<\/a>\n\t\t\t\t<div class=\"elementor-post__text\">\n\t\t\t\t<h3 class=\"elementor-post__title\">\n\t\t\t<a href=\"https:\/\/mynews.es\/ca\/mydircom-paola-herrera-dircom-museo-legends\/\" >\n\t\t\t\t19\u00ba MyDircom | Paola Herrera, Directora de Comunicaci\u00f3n y Prensa de Legends\t\t\t<\/a>\n\t\t<\/h3>\n\t\t\t\t<\/div>\n\t\t\t\t<\/article>\n\t\t\t\t<article class=\"elementor-post elementor-grid-item post-19957 post type-post status-publish format-standard has-post-thumbnail hentry category-comunicacion-es category-redes-sociales-tendencias tag-medios-de-comunicacion-2 tag-marketing-2 tag-marketing tag-comunicacion-2 tag-comunicacion tag-clipping-2\" role=\"listitem\">\n\t\t\t\t<a class=\"elementor-post__thumbnail__link\" href=\"https:\/\/mynews.es\/ca\/comunicar-sobre-igualtat-sense-caure-en-purplewashing\/\" tabindex=\"-1\" >\n\t\t\t<div class=\"elementor-post__thumbnail\"><img loading=\"lazy\" decoding=\"async\" width=\"297\" height=\"300\" src=\"https:\/\/mynews.es\/wp-content\/uploads\/2024\/03\/Infografias-horizontal-1-297x300.jpg\" class=\"attachment-medium size-medium wp-image-22062\" alt=\"Diaris amb titulars de Purplewashing\" srcset=\"https:\/\/mynews.es\/wp-content\/uploads\/2024\/03\/Infografias-horizontal-1-297x300.jpg 297w, https:\/\/mynews.es\/wp-content\/uploads\/2024\/03\/Infografias-horizontal-1-1015x1024.jpg 1015w, https:\/\/mynews.es\/wp-content\/uploads\/2024\/03\/Infografias-horizontal-1-768x775.jpg 768w, https:\/\/mynews.es\/wp-content\/uploads\/2024\/03\/Infografias-horizontal-1.jpg 1070w\" sizes=\"(max-width: 297px) 100vw, 297px\" \/><\/div>\n\t\t<\/a>\n\t\t\t\t<div class=\"elementor-post__text\">\n\t\t\t\t<h3 class=\"elementor-post__title\">\n\t\t\t<a href=\"https:\/\/mynews.es\/ca\/comunicar-sobre-igualtat-sense-caure-en-purplewashing\/\" >\n\t\t\t\tComunicar sobre igualtat sense caure en Purplewashing\t\t\t<\/a>\n\t\t<\/h3>\n\t\t\t\t<\/div>\n\t\t\t\t<\/article>\n\t\t\t\t<article class=\"elementor-post elementor-grid-item post-21969 post type-post status-publish format-standard has-post-thumbnail hentry category-comunicacion-es category-sin-categorizar-es tag-comunicacion tag-comunicacio-digital tag-comunicacio-corporativa\" role=\"listitem\">\n\t\t\t\t<a class=\"elementor-post__thumbnail__link\" href=\"https:\/\/mynews.es\/ca\/claus-comunicacio-ong\/\" tabindex=\"-1\" >\n\t\t\t<div class=\"elementor-post__thumbnail\"><img loading=\"lazy\" decoding=\"async\" width=\"300\" height=\"215\" src=\"https:\/\/mynews.es\/wp-content\/uploads\/2025\/02\/comunicacio-ong-300x215.webp\" class=\"attachment-medium size-medium wp-image-21961\" alt=\"Imatge de mans agafant un diari\" srcset=\"https:\/\/mynews.es\/wp-content\/uploads\/2025\/02\/comunicacio-ong-300x215.webp 300w, https:\/\/mynews.es\/wp-content\/uploads\/2025\/02\/comunicacio-ong.webp 650w\" sizes=\"(max-width: 300px) 100vw, 300px\" \/><\/div>\n\t\t<\/a>\n\t\t\t\t<div class=\"elementor-post__text\">\n\t\t\t\t<h3 class=\"elementor-post__title\">\n\t\t\t<a href=\"https:\/\/mynews.es\/ca\/claus-comunicacio-ong\/\" >\n\t\t\t\tClaus de la Comunicaci\u00f3 a les ONG\t\t\t<\/a>\n\t\t<\/h3>\n\t\t\t\t<\/div>\n\t\t\t\t<\/article>\n\t\t\t\t<article class=\"elementor-post elementor-grid-item post-21853 post type-post status-publish format-standard has-post-thumbnail hentry category-analisis-de-medios category-sense-categoria tag-hemeroteca-digital-ca tag-hemeroteca-ca tag-seguiment-de-mitjans tag-comunicacion\" role=\"listitem\">\n\t\t\t\t<a class=\"elementor-post__thumbnail__link\" href=\"https:\/\/mynews.es\/ca\/que-es-una-hemeroteca-digital-i-per-a-que-serveix\/\" tabindex=\"-1\" >\n\t\t\t<div class=\"elementor-post__thumbnail\"><img loading=\"lazy\" decoding=\"async\" width=\"300\" height=\"169\" src=\"https:\/\/mynews.es\/wp-content\/uploads\/2025\/02\/importancia-hemeroteques-digitals-300x169.webp\" class=\"attachment-medium size-medium wp-image-21863\" alt=\"Imatge il lustrativa duna hemeroteca digital\" srcset=\"https:\/\/mynews.es\/wp-content\/uploads\/2025\/02\/importancia-hemeroteques-digitals-300x169.webp 300w, https:\/\/mynews.es\/wp-content\/uploads\/2025\/02\/importancia-hemeroteques-digitals.webp 600w\" sizes=\"(max-width: 300px) 100vw, 300px\" \/><\/div>\n\t\t<\/a>\n\t\t\t\t<div class=\"elementor-post__text\">\n\t\t\t\t<h3 class=\"elementor-post__title\">\n\t\t\t<a href=\"https:\/\/mynews.es\/ca\/que-es-una-hemeroteca-digital-i-per-a-que-serveix\/\" >\n\t\t\t\tQu\u00e8 \u00e9s una hemeroteca digital i per a qu\u00e8 serveix\t\t\t<\/a>\n\t\t<\/h3>\n\t\t\t\t<\/div>\n\t\t\t\t<\/article>\n\t\t\t\t<article class=\"elementor-post elementor-grid-item post-21604 post type-post status-publish format-standard has-post-thumbnail hentry category-entrevistas-es-2\" role=\"listitem\">\n\t\t\t\t<a class=\"elementor-post__thumbnail__link\" href=\"https:\/\/mynews.es\/ca\/18o-mydircom-entrevista-a-laia-brufau-directora-de-comunicacio-i-responsabilitat-social-corporativa\/\" tabindex=\"-1\" >\n\t\t\t<div class=\"elementor-post__thumbnail\"><img loading=\"lazy\" decoding=\"async\" width=\"300\" height=\"232\" src=\"https:\/\/mynews.es\/wp-content\/uploads\/2025\/02\/laiabrufau-300x232.webp\" class=\"attachment-medium size-medium wp-image-21817\" alt=\"\" srcset=\"https:\/\/mynews.es\/wp-content\/uploads\/2025\/02\/laiabrufau-300x232.webp 300w, https:\/\/mynews.es\/wp-content\/uploads\/2025\/02\/laiabrufau.webp 600w\" sizes=\"(max-width: 300px) 100vw, 300px\" \/><\/div>\n\t\t<\/a>\n\t\t\t\t<div class=\"elementor-post__text\">\n\t\t\t\t<h3 class=\"elementor-post__title\">\n\t\t\t<a href=\"https:\/\/mynews.es\/ca\/18o-mydircom-entrevista-a-laia-brufau-directora-de-comunicacio-i-responsabilitat-social-corporativa\/\" >\n\t\t\t\t18\u00ba MyDircom | Laia Brufau, Directora de Comunicaci\u00f3 i RSC de l&#8217;Institut Catal\u00e0 de la Salut\t\t\t<\/a>\n\t\t<\/h3>\n\t\t\t\t<\/div>\n\t\t\t\t<\/article>\n\t\t\t\t<article class=\"elementor-post elementor-grid-item post-21547 post type-post status-publish format-standard has-post-thumbnail hentry category-analisis-de-medios category-comunicacion-2 tag-pressclipping-ca tag-clipping-de-premsa\" role=\"listitem\">\n\t\t\t\t<a class=\"elementor-post__thumbnail__link\" href=\"https:\/\/mynews.es\/ca\/que-es-i-per-a-que-serveix-el-clipping-de-premsa\/\" tabindex=\"-1\" >\n\t\t\t<div class=\"elementor-post__thumbnail\"><img loading=\"lazy\" decoding=\"async\" width=\"300\" height=\"300\" src=\"https:\/\/mynews.es\/wp-content\/uploads\/2025\/02\/clipping-de-premsa-que-ca-300x300.webp\" class=\"attachment-medium size-medium wp-image-21754\" alt=\"Imatge d un ordinador sobre una taula\" srcset=\"https:\/\/mynews.es\/wp-content\/uploads\/2025\/02\/clipping-de-premsa-que-ca-300x300.webp 300w, https:\/\/mynews.es\/wp-content\/uploads\/2025\/02\/clipping-de-premsa-que-ca-150x150.webp 150w, https:\/\/mynews.es\/wp-content\/uploads\/2025\/02\/clipping-de-premsa-que-ca.webp 600w\" sizes=\"(max-width: 300px) 100vw, 300px\" \/><\/div>\n\t\t<\/a>\n\t\t\t\t<div class=\"elementor-post__text\">\n\t\t\t\t<h3 class=\"elementor-post__title\">\n\t\t\t<a href=\"https:\/\/mynews.es\/ca\/que-es-i-per-a-que-serveix-el-clipping-de-premsa\/\" >\n\t\t\t\tQu\u00e8 \u00e9s i per a qu\u00e8 serveix el clipping de premsa?\t\t\t<\/a>\n\t\t<\/h3>\n\t\t\t\t<\/div>\n\t\t\t\t<\/article>\n\t\t\t\t<\/div>\n\t\t\n\t\t\t\t\t\t<\/div>\n\t\t\t\t<\/div>\n\t\t\t\t\t<\/div>\n\t\t<\/div>\n\t\t\t\t\t<\/div>\n\t\t<\/section>\n\t\t\t\t<section class=\"elementor-section elementor-top-section elementor-element elementor-element-f962517 elementor-section-boxed elementor-section-height-default elementor-section-height-default\" data-id=\"f962517\" data-element_type=\"section\" data-settings=\"{&quot;jet_parallax_layout_list&quot;:[{&quot;jet_parallax_layout_image&quot;:{&quot;url&quot;:&quot;&quot;,&quot;id&quot;:&quot;&quot;,&quot;size&quot;:&quot;&quot;},&quot;_id&quot;:&quot;8300480&quot;,&quot;jet_parallax_layout_image_tablet&quot;:{&quot;url&quot;:&quot;&quot;,&quot;id&quot;:&quot;&quot;,&quot;size&quot;:&quot;&quot;},&quot;jet_parallax_layout_image_mobile&quot;:{&quot;url&quot;:&quot;&quot;,&quot;id&quot;:&quot;&quot;,&quot;size&quot;:&quot;&quot;},&quot;jet_parallax_layout_speed&quot;:{&quot;unit&quot;:&quot;%&quot;,&quot;size&quot;:50,&quot;sizes&quot;:[]},&quot;jet_parallax_layout_type&quot;:&quot;scroll&quot;,&quot;jet_parallax_layout_direction&quot;:&quot;1&quot;,&quot;jet_parallax_layout_fx_direction&quot;:null,&quot;jet_parallax_layout_z_index&quot;:&quot;&quot;,&quot;jet_parallax_layout_bg_x&quot;:50,&quot;jet_parallax_layout_bg_x_tablet&quot;:&quot;&quot;,&quot;jet_parallax_layout_bg_x_mobile&quot;:&quot;&quot;,&quot;jet_parallax_layout_bg_y&quot;:50,&quot;jet_parallax_layout_bg_y_tablet&quot;:&quot;&quot;,&quot;jet_parallax_layout_bg_y_mobile&quot;:&quot;&quot;,&quot;jet_parallax_layout_bg_size&quot;:&quot;auto&quot;,&quot;jet_parallax_layout_bg_size_tablet&quot;:&quot;&quot;,&quot;jet_parallax_layout_bg_size_mobile&quot;:&quot;&quot;,&quot;jet_parallax_layout_animation_prop&quot;:&quot;transform&quot;,&quot;jet_parallax_layout_on&quot;:[&quot;desktop&quot;,&quot;tablet&quot;]}]}\">\n\t\t\t\t\t\t<div class=\"elementor-container elementor-column-gap-default\">\n\t\t\t\t\t<div class=\"elementor-column elementor-col-100 elementor-top-column elementor-element elementor-element-ffe4310\" data-id=\"ffe4310\" data-element_type=\"column\">\n\t\t\t<div class=\"elementor-widget-wrap elementor-element-populated\">\n\t\t\t\t\t\t<div class=\"elementor-element elementor-element-53d1e8d elementor-widget elementor-widget-heading\" data-id=\"53d1e8d\" data-element_type=\"widget\" data-widget_type=\"heading.default\">\n\t\t\t\t<div class=\"elementor-widget-container\">\n\t\t\t\t\t<h2 class=\"elementor-heading-title elementor-size-default\">IA para periodistas de datos<\/h2>\t\t\t\t<\/div>\n\t\t\t\t<\/div>\n\t\t\t\t\t<\/div>\n\t\t<\/div>\n\t\t\t\t\t<\/div>\n\t\t<\/section>\n\t\t\t\t<\/div>\n\t\t","protected":false},"excerpt":{"rendered":"<p>El lila ja no \u00e9s nom\u00e9s un color. Cada 8 de mar\u00e7, Dia Internacional de la Dona, el lila inunda els carrers, les reivindicacions i,<\/p>\n","protected":false},"author":7,"featured_media":22062,"comment_status":"closed","ping_status":"closed","sticky":false,"template":"","format":"standard","meta":{"_acf_changed":false,"footnotes":"","_elementor_edit_mode":"builder","_elementor_template_type":"wp-post","_elementor_data":"[{\"id\":\"c09bedf\",\"elType\":\"section\",\"settings\":{\"jet_parallax_layout_list\":[{\"jet_parallax_layout_image\":{\"url\":\"\"},\"_id\":\"9334add\"}]},\"elements\":[{\"id\":\"5e488ee\",\"elType\":\"column\",\"settings\":{\"_column_size\":100,\"_inline_size\":null},\"elements\":[{\"id\":\"f27e9cd\",\"elType\":\"widget\",\"settings\":{\"editor\":\"<h4><span style=\\\"text-decoration: underline;\\\">El lila ja no \\u00e9s nom\\u00e9s un color. Cada 8 de mar\\u00e7, Dia Internacional de la Dona, el lila inunda els carrers, les reivindicacions i, ara tamb\\u00e9, el m\\u00e0rqueting.<\\\/span><\\\/h4>\",\"align\":\"justify\",\"text_color\":\"#68BBCA\",\"typography_typography\":\"custom\",\"typography_font_family\":\"DM Sans\",\"typography_font_size\":{\"unit\":\"px\",\"size\":14,\"sizes\":[]},\"typography_font_weight\":\"400\"},\"elements\":[],\"widgetType\":\"text-editor\"},{\"id\":\"e7f5d44\",\"elType\":\"widget\",\"settings\":{\"editor\":\"El feminisme <a class=\\\"c-link\\\" href=\\\"https:\\\/\\\/historia.nationalgeographic.com.es\\\/a\\\/tragica-historia-por-que-morado-es-color-feminismo_16449\\\" target=\\\"_blank\\\" rel=\\\"noopener noreferrer\\\" data-stringify-link=\\\"https:\\\/\\\/historia.nationalgeographic.com.es\\\/a\\\/tragica-historia-por-que-morado-es-color-feminismo_16449\\\" data-sk=\\\"tooltip_parent\\\">\\u00a0s'associa al lila des de 1911,<\\\/a>\\u00a0quan el tr\\u00e0gic<b data-stringify-type=\\\"bold\\\">\\u00a0incendi a la f\\u00e0brica t\\u00e8xtil Triangle Waist Co. va cobrar-se la vida de 146 treballadores<\\\/b>, principalment dones immigrants, en condicions laborals prec\\u00e0ries. El mite diu que la fumera que sortia de l'incendi era lila per les peces t\\u00e8xtils de la f\\u00e0brica, i per aix\\u00f2 aquest color va comen\\u00e7ar a liderar la lluita per la igualtat.\\n\\nPer\\u00f2 el que va comen\\u00e7ar com un color associat al feminisme, es converteix, en ocasions, en un simple reclam publicitari sense valor per a la promoci\\u00f3 de la igualtat:\\u00a0<b data-stringify-type=\\\"bold\\\">el Purplewashing o Feminism Washing.<\\\/b>\\n\\n<b data-stringify-type=\\\"bold\\\">Nombroses campanyes i marques es tenyeixen de lila al mar\\u00e7<\\\/b>, assenyalen els punts en qu\\u00e8 la desigualtat encara est\\u00e0 present i donen veu a les protagonistes d'aquests problemes. Per\\u00f2, si la teva campanya es basa nom\\u00e9s a posar lila al logotip de la teva marca, vendre un producte amb la frase \\u201cGo, girls!\\u201d o dir \\u201ccada dia \\u00e9s 8 de mar\\u00e7\\u201d per\\u00f2 no tornar a recordar les dones fins l'any seg\\u00fcent, deixa'ns dir-te que \\u00e9s probable que estiguis caient en el Purplewashing. En aquest blog t\\u2019expliquem\\u00a0<b data-stringify-type=\\\"bold\\\">com\\u00a0<\\\/b><b data-stringify-type=\\\"bold\\\"><a class=\\\"c-link\\\" href=\\\"https:\\\/\\\/mynews.es\\\/rol-de-la-comunicacion-para-la-sociedad-igualitaria\\\/\\\" target=\\\"_blank\\\" rel=\\\"noopener noreferrer\\\" data-stringify-link=\\\"https:\\\/\\\/mynews.es\\\/rol-de-la-comunicacion-para-la-sociedad-igualitaria\\\/\\\" data-sk=\\\"tooltip_parent\\\">comunicar sobre igualtat<\\\/a><\\\/b><b data-stringify-type=\\\"bold\\\">\\u00a0sense caure en el Purplewashing, claus per a les teves campanyes i com identificar-ho.<\\\/b>\",\"align\":\"justify\",\"__globals__\":{\"text_color\":\"globals\\\/colors?id=accent\"},\"_padding\":{\"unit\":\"px\",\"top\":\"0\",\"right\":\"20\",\"bottom\":\"0\",\"left\":\"0\",\"isLinked\":false},\"typography_typography\":\"custom\",\"typography_font_family\":\"DM Sans\",\"typography_font_size\":{\"unit\":\"px\",\"size\":14,\"sizes\":[]},\"typography_font_weight\":\"400\"},\"elements\":[],\"widgetType\":\"text-editor\"},{\"id\":\"a66a9ff\",\"elType\":\"widget\",\"settings\":{\"title\":\"Qu\\u00e8 \\u00e9s el Purplewashing?\",\"align\":\"justify\",\"typography_typography\":\"custom\",\"typography_font_family\":\"DM Sans\",\"typography_font_size\":{\"unit\":\"px\",\"size\":20,\"sizes\":[]},\"typography_font_weight\":\"600\",\"__globals__\":{\"title_color\":\"\"},\"title_color\":\"#073D55\"},\"elements\":[],\"widgetType\":\"heading\"},{\"id\":\"3863c07\",\"elType\":\"section\",\"settings\":{\"jet_parallax_layout_list\":[{\"jet_parallax_layout_image\":{\"url\":\"\"},\"_id\":\"373f263\"}],\"structure\":\"20\"},\"elements\":[{\"id\":\"c36031e\",\"elType\":\"column\",\"settings\":{\"_column_size\":50,\"_inline_size\":56.634},\"elements\":[{\"id\":\"02d52bf\",\"elType\":\"widget\",\"settings\":{\"editor\":\"<p><span style=\\\"font-weight: 400;\\\">El <\\\/span><b>Purplewashing o Feminism Washing<\\\/b><span style=\\\"font-weight: 400;\\\"> s\\u00f3n les accions, gestos i campanyes, que <\\\/span><b>empreses i organitzacions fan liderant la igualtat i el moviment feminista, per\\u00f2 que no promouen, ni amb aquestes accions ni en el seu dia a dia, cap benefici ni representen cap pas real cap a la igualtat de g\\u00e8nere. <\\\/b><span style=\\\"font-weight: 400;\\\">En resumides comptes, s\\u00f3n aquelles campanyes que es creen nom\\u00e9s per generar consum i extreure benefici econ\\u00f2mic i que no tenen un rerefons real. El terme va ser acunyat el 2014 per <\\\/span><a href=\\\"https:\\\/\\\/traficantes.net\\\/autorxs\\\/vasallo-brigitte\\\"><span style=\\\"font-weight: 400;\\\">Brigitte Vasallo<\\\/span><\\\/a><span style=\\\"font-weight: 400;\\\">, escriptora espanyola autora de Llenguatge Inclusiu i exclusi\\u00f3 de classe.<\\\/span><\\\/p><p><span style=\\\"font-weight: 400;\\\">La popularitzaci\\u00f3 de les pr\\u00e0ctiques de Purplewashing poden fer que estiguem inundats de missatges lilas i suposadament en pro de la igualtat i el feminisme, per\\u00f2 que realment estiguin buits i no ens portin a reflexionar o a assenyalar problemes reals. Com a conseq\\u00fc\\u00e8ncia, tot i que hi hagi m\\u00e9s missatges en relaci\\u00f3 al tema, <\\\/span><b>s\\u00f3n de pitjor qualitat i poden arribar a generar l'efecte contrari, incrementant el risc de generar desinformaci\\u00f3 sobre la igualtat.<\\\/b><\\\/p><p><span style=\\\"font-weight: 400;\\\">El Purplewashing \\u00e9s sovint <\\\/span><b>conf\\u00f3s amb el <\\\/b><a href=\\\"https:\\\/\\\/mynews.es\\\/que-es-el-pinkwashing-y-como-identificarlo\\\/\\\"><b>Pinkwashing<\\\/b><\\\/a><b>, justament relacionat amb l'imaginari com\\u00fa que associa les dones amb el rosa.<\\\/b><span style=\\\"font-weight: 400;\\\"> El <\\\/span><b>Pinkwashing <\\\/b><span style=\\\"font-weight: 400;\\\">es refereix al mateix tipus de campanyes, per\\u00f2 aplicat a la comunitat i causes LGTBIQ+. Com tots els \\u201cwashings\\u201d, van sorgir despr\\u00e9s del terme <\\\/span><b>Greenwashing<\\\/b><span style=\\\"font-weight: 400;\\\">, que es va crear per denominar les pr\\u00e0ctiques enganyoses de les empreses que pretenen projectar una imatge de responsabilitat ambiental sense un comprom\\u00eds real amb la sostenibilitat.<\\\/span><\\\/p>\",\"align\":\"justify\",\"__globals__\":{\"text_color\":\"globals\\\/colors?id=accent\"},\"_padding\":{\"unit\":\"px\",\"top\":\"0\",\"right\":\"0\",\"bottom\":\"0\",\"left\":\"0\",\"isLinked\":false},\"_margin\":{\"unit\":\"px\",\"top\":\"0\",\"right\":\"0\",\"bottom\":\"0\",\"left\":\"0\",\"isLinked\":false}},\"elements\":[],\"widgetType\":\"text-editor\"}],\"isInner\":true},{\"id\":\"b90dc6f\",\"elType\":\"column\",\"settings\":{\"_column_size\":50,\"_inline_size\":43.366},\"elements\":[{\"id\":\"593373d\",\"elType\":\"widget\",\"settings\":{\"image\":{\"url\":\"https:\\\/\\\/mynews.es\\\/wp-content\\\/uploads\\\/2024\\\/03\\\/Infografias-horizontal-1.jpg\",\"id\":22062,\"alt\":\"Diaris amb titulars de Purplewashing\",\"source\":\"library\",\"size\":\"\"},\"caption\":\"IA periodisme proves - 15\"},\"elements\":[],\"widgetType\":\"image\"}],\"isInner\":true}],\"isInner\":true}],\"isInner\":false}],\"isInner\":false},{\"id\":\"fa2a1be\",\"elType\":\"section\",\"settings\":{\"jet_parallax_layout_list\":[{\"jet_parallax_layout_image\":{\"url\":\"\"},\"_id\":\"fc8a13f\"}]},\"elements\":[{\"id\":\"f56b946\",\"elType\":\"column\",\"settings\":{\"_column_size\":100,\"_inline_size\":null},\"elements\":[{\"id\":\"9d34c1f\",\"elType\":\"widget\",\"settings\":{\"title\":\"Estrat\\u00e8gies per evitar el Purplewashing\",\"align\":\"justify\",\"typography_typography\":\"custom\",\"typography_font_family\":\"DM Sans\",\"typography_font_size\":{\"unit\":\"px\",\"size\":20,\"sizes\":[]},\"typography_font_weight\":\"600\",\"__globals__\":{\"title_color\":\"\"},\"title_color\":\"#073D55\"},\"elements\":[],\"widgetType\":\"heading\"},{\"id\":\"4ba843e\",\"elType\":\"widget\",\"settings\":{\"editor\":\"<p><span style=\\\"font-weight: 400;\\\">Cada vegada la societat est\\u00e0 m\\u00e9s conscienciada amb la igualtat de g\\u00e8nere. I aix\\u00f2 tamb\\u00e9 genera que moltes empreses i organitzacions es sumin al carro d'informar sobre igualtat, perspectiva de g\\u00e8nere i feminisme per arribar a m\\u00e9s audi\\u00e8ncia. Aquesta tend\\u00e8ncia pot ser un arma de doble tall. Per una banda, que es generi informaci\\u00f3 sobre igualtat ajuda a avan\\u00e7ar i promoure la consci\\u00e8ncia social sobre aix\\u00f2, per\\u00f2 per altra banda, poden sorgir <\\\/span><b>missatges buits, que no aporten a la causa i que nom\\u00e9s s'utilitzen per donar una cara igualit\\u00e0ria irreal. <\\\/b><span style=\\\"font-weight: 400;\\\">Quan arriba mar\\u00e7, moltes empreses es plantegen generar missatges pel Dia Internacional de la Dona, i \\u00e9s per aix\\u00f2 que t\\u2019expliquem <\\\/span><b>6 estrat\\u00e8gies per evitar caure en el Purplewashing:<\\\/b><\\\/p>\",\"align\":\"justify\",\"__globals__\":{\"text_color\":\"globals\\\/colors?id=accent\"}},\"elements\":[],\"widgetType\":\"text-editor\"},{\"id\":\"dcf5e59\",\"elType\":\"widget\",\"settings\":{\"image\":{\"url\":\"https:\\\/\\\/mynews.es\\\/wp-content\\\/uploads\\\/2024\\\/03\\\/Infografia-Evita-Purplewashing-catala.png\",\"id\":22070,\"alt\":\"Infografia de les claus per evitar el purplewashing\",\"source\":\"library\",\"size\":\"\"},\"link\":{\"url\":\"<iframe title=\\\"En qu\\u00e9 formatos planean los medios producir m\\u00e1s contenidos en 2024\\\" aria-label=\\\"Gr\\u00e1fico de barras\\\" id=\\\"datawrapper-chart-6AT5U\\\" src=\\\"https:\\\/\\\/datawrapper.dwcdn.net\\\/6AT5U\\\/1\\\/\\\" scrolling=\\\"no\\\" frameborder=\\\"0\\\" style=\\\"width: 0; min-width: 100% !important; border: none;\\\" height=\\\"416\\\" data-external=\\\"1\\\"><\\\/iframe><script type=\\\"text\\\/javascript\\\">!function(){\\\"use strict\\\";window.addEventListener(\\\"message\\\",(function(a){if(void 0!==a.data[\\\"datawrapper-height\\\"]){var e=document.querySelectorAll(\\\"iframe\\\");for(var t in a.data[\\\"datawrapper-height\\\"])for(var r=0;r<e.length;r++)if(e[r].contentWindow===a.source){var i=a.data[\\\"datawrapper-height\\\"][t]+\\\"px\\\";e[r].style.height=i}}}))}();<\\\/script>\",\"is_external\":\"\",\"nofollow\":\"\",\"custom_attributes\":\"\"},\"caption\":\"En parlar sobre igualtat de g\\u00e8nere \\u00e9s imprescindible que no es generin missatges buits que donin suport al Purplewashing.\"},\"elements\":[],\"widgetType\":\"image\"},{\"id\":\"6862710\",\"elType\":\"section\",\"settings\":{\"jet_parallax_layout_list\":[{\"jet_parallax_layout_image\":{\"url\":\"\"},\"_id\":\"d47d595\"}]},\"elements\":[{\"id\":\"67f5254\",\"elType\":\"column\",\"settings\":{\"_column_size\":100,\"_inline_size\":null},\"elements\":[{\"id\":\"98e5690\",\"elType\":\"widget\",\"settings\":{\"editor\":\"<p style=\\\"padding-left: 40px;\\\"><b>1. <span style=\\\"text-decoration: underline;\\\">Autenticitat i coher\\u00e8ncia<\\\/span>: <\\\/b><span style=\\\"font-weight: 400;\\\">Assegura't que les teves accions i missatges reflecteixin un comprom\\u00eds real amb la igualtat de g\\u00e8nere. Aix\\u00f2 implica<\\\/span><b> alinear els teus valors i pr\\u00e0ctiques internes amb els teus missatges externs. Les teves accions externes han de reflectir el que ets perqu\\u00e8 els teus missatges siguin coherents i consistents. <\\\/b><span style=\\\"font-weight: 400;\\\">\\u00c9s per aix\\u00f2 que el teu comprom\\u00eds amb els valors d'igualtat ha de comen\\u00e7ar a l'interior. D'aquesta manera, evitar\\u00e0s que puguin haver-hi contradiccions, que la teva comunicaci\\u00f3 perdi credibilitat i estar\\u00e0s construint autoritat de marca per parlar d'igualtat, perspectiva de g\\u00e8nere i feminisme.<\\\/span><\\\/p><p style=\\\"padding-left: 40px;\\\"><b>2. <span style=\\\"text-decoration: underline;\\\">La transpar\\u00e8ncia \\u00e9s el teu millor esl\\u00f2gan<\\\/span>: <\\\/b><span style=\\\"font-weight: 400;\\\">La transpar\\u00e8ncia \\u00e9s clau perqu\\u00e8 el p\\u00fablic percebi els teus valors. Sigues transparent sobre les teves <\\\/span><b>pol\\u00edtiques, pr\\u00e0ctiques i compromisos relacionats amb la igualtat de g\\u00e8nere. <\\\/b><span style=\\\"font-weight: 400;\\\">Comunica de manera clara i honesta sobre com la teva empresa o ag\\u00e8ncia de comunicaci\\u00f3 est\\u00e0 treballant per abordar les desigualtats de g\\u00e8nere i promoure la diversitat i inclusi\\u00f3. Aix\\u00ed augmentar\\u00e0s la confian\\u00e7a tant en la teva marca com en campanyes posteriors i mantindr\\u00e0s la teva credibilitat relacionada amb la igualtat i no hi haur\\u00e0 sospita de Purplewashing.<\\\/span><\\\/p><p style=\\\"padding-left: 40px;\\\"><b>3. <span style=\\\"text-decoration: underline;\\\">Comprom\\u00eds a llarg termini<\\\/span>:<\\\/b><span style=\\\"font-weight: 400;\\\"> \\u00c9s fonamental que les accions de comunicaci\\u00f3 vagin <\\\/span><b>m\\u00e9s enll\\u00e0 de simples campanyes espor\\u00e0diques, establint un comprom\\u00eds a llarg termini amb la igualtat de g\\u00e8nere. <\\\/b><span style=\\\"font-weight: 400;\\\">Aix\\u00f2 implica tamb\\u00e9, a nivell intern implementar pol\\u00edtiques d'igualtat salarial i programes de desenvolupament professional per a dones, aix\\u00ed com donar suport o promoure cont\\u00ednuament causes que treballen per l'equitat i igualtat de g\\u00e8nere. Aquestes accions han de ser consistents i sostenibles en el temps, garantint un impacte real i durador en la promoci\\u00f3 de la igualtat de g\\u00e8nere.<\\\/span><\\\/p><p style=\\\"padding-left: 40px;\\\"><b>4. <span style=\\\"text-decoration: underline;\\\">Donar veu a les protagonistes i la seva realitat<\\\/span>:<\\\/b><span style=\\\"font-weight: 400;\\\"> Prioritza la r<\\\/span><b>epresentaci\\u00f3 aut\\u00e8ntica de les experi\\u00e8ncies i perspectives de les dones <\\\/b><span style=\\\"font-weight: 400;\\\">en els teus missatges i campanyes. <\\\/span><b>Escolta activament i amplifica les veus de les dones,<\\\/b><span style=\\\"font-weight: 400;\\\"> oferint plataformes perqu\\u00e8 comparteixin les seves hist\\u00f2ries, reptes i \\u00e8xits. Aix\\u00f2 no nom\\u00e9s contribuir\\u00e0 a visibilitzar les realitats diverses de les dones, sin\\u00f3 que tamb\\u00e9 promour\\u00e0 <\\\/span><b>l'empatia i la comprensi\\u00f3 entre la teva audi\\u00e8ncia.<\\\/b><\\\/p><p style=\\\"padding-left: 40px;\\\"><b>5. <span style=\\\"text-decoration: underline;\\\">\\u00c8mfasi en la inclusi\\u00f3 i la diversitat<\\\/span>:<\\\/b><span style=\\\"font-weight: 400;\\\"> La transversalitat \\u00e9s primordial en la representaci\\u00f3 del comprom\\u00eds social. Destaca la import\\u00e0ncia de la inclusi\\u00f3 i la diversitat en totes les teves comunicacions, reconeixent i celebrant les diverses veus i experi\\u00e8ncies. <\\\/span><b>Incorpora la representaci\\u00f3 equitativa <\\\/b><span style=\\\"font-weight: 400;\\\">de dones de diferents or\\u00edgens \\u00e8tnics, culturals, socioecon\\u00f2mics i de identitats de g\\u00e8nere diverses en les teves campanyes i missatges.<\\\/span><\\\/p><p style=\\\"padding-left: 40px;\\\"><b>6. <span style=\\\"text-decoration: underline;\\\">Escolta activa i continuada i aprenentatge continu<\\\/span>:<\\\/b><span style=\\\"font-weight: 400;\\\"> \\u00c9s fonamental e<\\\/span><b>scoltar activament les veus i experi\\u00e8ncies de les professionals dins de la nostra pr\\u00f2pia organitzaci\\u00f3<\\\/b><span style=\\\"font-weight: 400;\\\">, a m\\u00e9s de les autoritats experts compromeses amb la igualtat de g\\u00e8nere. Utilitzar les eines que tens al teu abast t'ajudar\\u00e0 a retroalimentar les teves accions i millorar en qualitat i representaci\\u00f3. Estar oberts a l'aprenentatge, a l'autocr\\u00edtica et permetr\\u00e0 <\\\/span><b>comprendre millor les necessitats i preocupacions<\\\/b><span style=\\\"font-weight: 400;\\\">, la qual cosa ens capacita per adaptar les nostres estrat\\u00e8gies de comunicaci\\u00f3 de manera m\\u00e9s efectiva i aut\\u00e8ntica i fugir del Purplewashing.<\\\/span><\\\/p><p>\\u00a0<\\\/p><p><b>En resum: predica amb l'exemple.<\\\/b><\\\/p>\",\"align\":\"justify\",\"__globals__\":{\"text_color\":\"globals\\\/colors?id=accent\"},\"_padding\":{\"unit\":\"px\",\"top\":\"0\",\"right\":\"0\",\"bottom\":\"0\",\"left\":\"0\",\"isLinked\":false},\"_margin\":{\"unit\":\"px\",\"top\":\"0\",\"right\":\"0\",\"bottom\":\"0\",\"left\":\"0\",\"isLinked\":false}},\"elements\":[],\"widgetType\":\"text-editor\"}],\"isInner\":true}],\"isInner\":true}],\"isInner\":false}],\"isInner\":false},{\"id\":\"5a7f6a2\",\"elType\":\"section\",\"settings\":{\"jet_parallax_layout_list\":[{\"jet_parallax_layout_image\":{\"url\":\"\"},\"_id\":\"fc8a13f\"}]},\"elements\":[{\"id\":\"71c9fc2\",\"elType\":\"column\",\"settings\":{\"_column_size\":100,\"_inline_size\":null},\"elements\":[{\"id\":\"9190ff7\",\"elType\":\"widget\",\"settings\":{\"title\":\"Com identifiquem el Purplewashing?\",\"align\":\"justify\",\"typography_typography\":\"custom\",\"typography_font_family\":\"DM Sans\",\"typography_font_size\":{\"unit\":\"px\",\"size\":20,\"sizes\":[]},\"typography_font_weight\":\"600\",\"__globals__\":{\"title_color\":\"\"},\"title_color\":\"#073D55\"},\"elements\":[],\"widgetType\":\"heading\"},{\"id\":\"324e89a\",\"elType\":\"widget\",\"settings\":{\"editor\":\"<p><span style=\\\"font-weight: 400;\\\">El Purplewashing \\u00e9s f\\u00e0cilment evitable si l'objectiu del teu missatge pret\\u00e9n <\\\/span><b>visibilitzar, assenyalar i donar veu als valors d'igualtat<\\\/b><span style=\\\"font-weight: 400;\\\">. Aqu\\u00ed us deixem una preguntes que us poden ajudar a identificar el Purplewashing i a <\\\/span><b>construir un missatge que promogui la igualtat i que no sigui nom\\u00e9s una m\\u00e0scara<\\\/b><span style=\\\"font-weight: 400;\\\">. Si la resposta a les preguntes \\u00e9s s\\u00ed: \\u00a1Endavant!<\\\/span><\\\/p>\",\"align\":\"justify\",\"__globals__\":{\"text_color\":\"globals\\\/colors?id=accent\"}},\"elements\":[],\"widgetType\":\"text-editor\"},{\"id\":\"f9d43cb\",\"elType\":\"widget\",\"settings\":{\"image\":{\"url\":\"https:\\\/\\\/mynews.es\\\/wp-content\\\/uploads\\\/2024\\\/03\\\/Infografia-Detectar-Purplewashing-catala.png\",\"id\":22072,\"alt\":\"Infografia de com detectar el purplewashing\",\"source\":\"library\",\"size\":\"\"},\"link\":{\"url\":\"<iframe title=\\\"En qu\\u00e9 formatos planean los medios producir m\\u00e1s contenidos en 2024\\\" aria-label=\\\"Gr\\u00e1fico de barras\\\" id=\\\"datawrapper-chart-6AT5U\\\" src=\\\"https:\\\/\\\/datawrapper.dwcdn.net\\\/6AT5U\\\/1\\\/\\\" scrolling=\\\"no\\\" frameborder=\\\"0\\\" style=\\\"width: 0; min-width: 100% !important; border: none;\\\" height=\\\"416\\\" data-external=\\\"1\\\"><\\\/iframe><script type=\\\"text\\\/javascript\\\">!function(){\\\"use strict\\\";window.addEventListener(\\\"message\\\",(function(a){if(void 0!==a.data[\\\"datawrapper-height\\\"]){var e=document.querySelectorAll(\\\"iframe\\\");for(var t in a.data[\\\"datawrapper-height\\\"])for(var r=0;r<e.length;r++)if(e[r].contentWindow===a.source){var i=a.data[\\\"datawrapper-height\\\"][t]+\\\"px\\\";e[r].style.height=i}}}))}();<\\\/script>\",\"is_external\":\"\",\"nofollow\":\"\",\"custom_attributes\":\"\"},\"caption\":\"Amb aquestes preguntes ens adonarem si el missatge final \\u00e9s superficial o si realment es transmet una idea m\\u00e9s profunda.\"},\"elements\":[],\"widgetType\":\"image\"},{\"id\":\"ac908ec\",\"elType\":\"section\",\"settings\":{\"jet_parallax_layout_list\":[{\"jet_parallax_layout_image\":{\"url\":\"\"},\"_id\":\"d47d595\"}]},\"elements\":[{\"id\":\"7869305\",\"elType\":\"column\",\"settings\":{\"_column_size\":100,\"_inline_size\":null},\"elements\":[{\"id\":\"3ff839d\",\"elType\":\"widget\",\"settings\":{\"editor\":\"<p style=\\\"padding-left: 40px;\\\"><b>+ Els teus valors estan alineats amb la causa? <\\\/b><span style=\\\"font-weight: 400;\\\">Pregunta't si la causa respon als valors de l'empresa o si ho fa perqu\\u00e8 afavoreix a la teva imatge de marca parlar-ne.<\\\/span><\\\/p><p style=\\\"padding-left: 40px;\\\"><b>+ La campanya aporta algun valor a la causa?<\\\/b><span style=\\\"font-weight: 400;\\\"> La resposta ser\\u00e0 s\\u00ed si la teva organitzaci\\u00f3 est\\u00e0 ajudant, m\\u00e9s enll\\u00e0 de la \\u201cmoda\\u201d, a visibilitzar el problema i porteu temps construint-lo.<\\\/span><\\\/p><p style=\\\"padding-left: 40px;\\\"><b>+ La teva campanya t\\u00e9 algun altre objectiu que no sigui comercial? <\\\/b><span style=\\\"font-weight: 400;\\\">Si el teu missatge est\\u00e0 buit i nom\\u00e9s busca vendre, llavors \\u00e9s Purplewashing.<\\\/span><\\\/p><p style=\\\"padding-left: 40px;\\\"><b>+ Promous la causa a nivell intern?<\\\/b><span style=\\\"font-weight: 400;\\\"> Si defenses una causa, o qualsevol valor, assegura't d'incloure'l en la teva comunicaci\\u00f3 i pol\\u00edtica interna.<\\\/span><\\\/p><p style=\\\"padding-left: 40px;\\\"><b>+ T'hi compromets a llarg termini? <\\\/b><span style=\\\"font-weight: 400;\\\">Si defenses una causa o moviment, llavors has de treballar per visibilitzar i aplicar constantment pol\\u00edtiques que el facin favorable. Si acabes de comen\\u00e7ar, treballa en qu\\u00e8 sigui consistent.<\\\/span><\\\/p>\",\"align\":\"justify\",\"__globals__\":{\"text_color\":\"globals\\\/colors?id=accent\"},\"_padding\":{\"unit\":\"px\",\"top\":\"0\",\"right\":\"0\",\"bottom\":\"0\",\"left\":\"0\",\"isLinked\":false},\"_margin\":{\"unit\":\"px\",\"top\":\"0\",\"right\":\"0\",\"bottom\":\"0\",\"left\":\"0\",\"isLinked\":false}},\"elements\":[],\"widgetType\":\"text-editor\"}],\"isInner\":true}],\"isInner\":true}],\"isInner\":false}],\"isInner\":false},{\"id\":\"5fc1e98\",\"elType\":\"section\",\"settings\":{\"jet_parallax_layout_list\":[{\"jet_parallax_layout_image\":{\"url\":\"\"},\"_id\":\"34bb8e9\"}]},\"elements\":[{\"id\":\"2f3b988\",\"elType\":\"column\",\"settings\":{\"_column_size\":100,\"_inline_size\":null},\"elements\":[],\"isInner\":false}],\"isInner\":false},{\"id\":\"2d6d7c7\",\"elType\":\"section\",\"settings\":{\"jet_parallax_layout_list\":[{\"jet_parallax_layout_image\":{\"url\":\"\"},\"_id\":\"76cf8ec\"}]},\"elements\":[{\"id\":\"5872260\",\"elType\":\"column\",\"settings\":{\"_column_size\":100,\"_inline_size\":null},\"elements\":[{\"id\":\"16f3d07\",\"elType\":\"widget\",\"settings\":{\"editor\":\"<h4><span style=\\\"text-decoration: underline;\\\"><strong>\\u00daltimos posts de MyNews<\\\/strong><\\\/span><\\\/h4>\",\"align\":\"justify\",\"text_color\":\"#073D55\"},\"elements\":[],\"widgetType\":\"text-editor\"}],\"isInner\":false}],\"isInner\":false},{\"id\":\"1769cbe\",\"elType\":\"section\",\"settings\":{\"jet_parallax_layout_list\":[{\"jet_parallax_layout_image\":{\"url\":\"\"},\"_id\":\"9a963d6\"}]},\"elements\":[{\"id\":\"056dcb1\",\"elType\":\"column\",\"settings\":{\"_column_size\":100,\"_inline_size\":null},\"elements\":[{\"id\":\"efd658e\",\"elType\":\"widget\",\"settings\":{\"classic_show_excerpt\":\"\",\"classic_meta_data\":[],\"classic_meta_separator\":\"\\\/\\\/\\\/\",\"classic_show_read_more\":\"\",\"classic_read_more_text\":\"Leer m\\u00e1s \\u00bb\",\"cards_meta_separator\":\"\\u2022\",\"cards_read_more_text\":\"Leer m\\u00e1s \\u00bb\",\"full_content_meta_separator\":\"\\\/\\\/\\\/\",\"pagination_page_limit\":\"5\",\"pagination_prev_label\":\"&laquo; Anterior\",\"pagination_next_label\":\"Siguiente &raquo;\",\"text\":\"Cargar m\\u00e1s\",\"load_more_no_posts_custom_message\":\"No hay m\\u00e1s entradas que mostrar\"},\"elements\":[],\"widgetType\":\"posts\"}],\"isInner\":false}],\"isInner\":false},{\"id\":\"f962517\",\"elType\":\"section\",\"settings\":{\"jet_parallax_layout_list\":[{\"jet_parallax_layout_image\":{\"url\":\"\"},\"_id\":\"8300480\"}]},\"elements\":[{\"id\":\"ffe4310\",\"elType\":\"column\",\"settings\":{\"_column_size\":100,\"_inline_size\":null},\"elements\":[{\"id\":\"53d1e8d\",\"elType\":\"widget\",\"settings\":{\"title\":\"IA para periodistas de datos\",\"align\":\"justify\",\"typography_typography\":\"custom\",\"typography_font_family\":\"DM Sans\",\"typography_font_size\":{\"unit\":\"px\",\"size\":20,\"sizes\":[]},\"typography_font_weight\":\"600\",\"__globals__\":{\"title_color\":\"\"},\"title_color\":\"#073D55\"},\"elements\":[],\"widgetType\":\"heading\"}],\"isInner\":false}],\"isInner\":false}]","_elementor_page_settings":null,"_elementor_conditions":[]},"categories":[238,248],"tags":[258,253,35,251,15,13],"class_list":["post-19957","post","type-post","status-publish","format-standard","has-post-thumbnail","hentry","category-comunicacion-es","category-redes-sociales-tendencias","tag-medios-de-comunicacion-2","tag-marketing-2","tag-marketing","tag-comunicacion-2","tag-comunicacion","tag-clipping-2"],"acf":[],"yoast_head":"<!-- This site is optimized with the Yoast SEO plugin v26.7 - https:\/\/yoast.com\/wordpress\/plugins\/seo\/ -->\n<title>Comunicar sobre igualtat sense caure en Purplewashing - My News<\/title>\n<meta name=\"description\" content=\"Comunicar sobre igualtat sense caure en Purplewashing \u00e9s fonamental perqu\u00e8 les empreses assumeixin un comprom\u00eds real i profund amb la causa.\" \/>\n<meta name=\"robots\" content=\"index, follow, max-snippet:-1, max-image-preview:large, max-video-preview:-1\" \/>\n<link rel=\"canonical\" href=\"https:\/\/mynews.es\/ca\/comunicar-sobre-igualtat-sense-caure-en-purplewashing\/\" \/>\n<meta property=\"og:locale\" content=\"ca_ES\" \/>\n<meta property=\"og:type\" content=\"article\" \/>\n<meta property=\"og:title\" content=\"Comunicar sobre igualtat sense caure en Purplewashing - My News\" \/>\n<meta property=\"og:description\" content=\"Comunicar sobre igualtat sense caure en Purplewashing \u00e9s fonamental perqu\u00e8 les empreses assumeixin un comprom\u00eds real i profund amb la causa.\" \/>\n<meta property=\"og:url\" content=\"https:\/\/mynews.es\/ca\/comunicar-sobre-igualtat-sense-caure-en-purplewashing\/\" \/>\n<meta property=\"og:site_name\" content=\"My News\" \/>\n<meta property=\"article:published_time\" content=\"2025-03-07T15:14:01+00:00\" \/>\n<meta property=\"article:modified_time\" content=\"2025-03-07T15:14:03+00:00\" \/>\n<meta property=\"og:image\" content=\"https:\/\/mynews.es\/wp-content\/uploads\/2024\/03\/Infografias-horizontal-1.jpg\" \/>\n\t<meta property=\"og:image:width\" content=\"1070\" \/>\n\t<meta property=\"og:image:height\" content=\"1080\" \/>\n\t<meta property=\"og:image:type\" content=\"image\/jpeg\" \/>\n<meta name=\"author\" content=\"Alba Medina\" \/>\n<meta name=\"twitter:card\" content=\"summary_large_image\" \/>\n<meta name=\"twitter:creator\" content=\"@MyNews_es\" \/>\n<meta name=\"twitter:site\" content=\"@MyNews_es\" \/>\n<meta name=\"twitter:label1\" content=\"Escrit per\" \/>\n\t<meta name=\"twitter:data1\" content=\"Alba Medina\" \/>\n\t<meta name=\"twitter:label2\" content=\"Temps estimat de lectura\" \/>\n\t<meta name=\"twitter:data2\" content=\"7 minuts\" \/>\n<script type=\"application\/ld+json\" class=\"yoast-schema-graph\">{\"@context\":\"https:\/\/schema.org\",\"@graph\":[{\"@type\":\"Article\",\"@id\":\"https:\/\/mynews.es\/ca\/comunicar-sobre-igualtat-sense-caure-en-purplewashing\/#article\",\"isPartOf\":{\"@id\":\"https:\/\/mynews.es\/ca\/comunicar-sobre-igualtat-sense-caure-en-purplewashing\/\"},\"author\":{\"name\":\"Alba Medina\",\"@id\":\"https:\/\/mynews.es\/#\/schema\/person\/658aaaf49a657a2692a0ef1038424dde\"},\"headline\":\"Comunicar sobre igualtat sense caure en Purplewashing\",\"datePublished\":\"2025-03-07T15:14:01+00:00\",\"dateModified\":\"2025-03-07T15:14:03+00:00\",\"mainEntityOfPage\":{\"@id\":\"https:\/\/mynews.es\/ca\/comunicar-sobre-igualtat-sense-caure-en-purplewashing\/\"},\"wordCount\":1417,\"publisher\":{\"@id\":\"https:\/\/mynews.es\/#organization\"},\"image\":{\"@id\":\"https:\/\/mynews.es\/ca\/comunicar-sobre-igualtat-sense-caure-en-purplewashing\/#primaryimage\"},\"thumbnailUrl\":\"https:\/\/mynews.es\/wp-content\/uploads\/2024\/03\/Infografias-horizontal-1.jpg\",\"keywords\":[\"medios de comunicaci\u00f3n\",\"marketing\",\"marketing\",\"Comunicaci\u00f3n\",\"Comunicaci\u00f3n\",\"Clipping\"],\"articleSection\":[\"Comunicaci\u00f3n\",\"Tendencias y RRSS\"],\"inLanguage\":\"ca\"},{\"@type\":\"WebPage\",\"@id\":\"https:\/\/mynews.es\/ca\/comunicar-sobre-igualtat-sense-caure-en-purplewashing\/\",\"url\":\"https:\/\/mynews.es\/ca\/comunicar-sobre-igualtat-sense-caure-en-purplewashing\/\",\"name\":\"Comunicar sobre igualtat sense caure en Purplewashing - My News\",\"isPartOf\":{\"@id\":\"https:\/\/mynews.es\/#website\"},\"primaryImageOfPage\":{\"@id\":\"https:\/\/mynews.es\/ca\/comunicar-sobre-igualtat-sense-caure-en-purplewashing\/#primaryimage\"},\"image\":{\"@id\":\"https:\/\/mynews.es\/ca\/comunicar-sobre-igualtat-sense-caure-en-purplewashing\/#primaryimage\"},\"thumbnailUrl\":\"https:\/\/mynews.es\/wp-content\/uploads\/2024\/03\/Infografias-horizontal-1.jpg\",\"datePublished\":\"2025-03-07T15:14:01+00:00\",\"dateModified\":\"2025-03-07T15:14:03+00:00\",\"description\":\"Comunicar sobre igualtat sense caure en Purplewashing \u00e9s fonamental perqu\u00e8 les empreses assumeixin un comprom\u00eds real i profund amb la causa.\",\"breadcrumb\":{\"@id\":\"https:\/\/mynews.es\/ca\/comunicar-sobre-igualtat-sense-caure-en-purplewashing\/#breadcrumb\"},\"inLanguage\":\"ca\",\"potentialAction\":[{\"@type\":\"ReadAction\",\"target\":[\"https:\/\/mynews.es\/ca\/comunicar-sobre-igualtat-sense-caure-en-purplewashing\/\"]}]},{\"@type\":\"ImageObject\",\"inLanguage\":\"ca\",\"@id\":\"https:\/\/mynews.es\/ca\/comunicar-sobre-igualtat-sense-caure-en-purplewashing\/#primaryimage\",\"url\":\"https:\/\/mynews.es\/wp-content\/uploads\/2024\/03\/Infografias-horizontal-1.jpg\",\"contentUrl\":\"https:\/\/mynews.es\/wp-content\/uploads\/2024\/03\/Infografias-horizontal-1.jpg\",\"width\":1070,\"height\":1080,\"caption\":\"Diaris amb titulars de Purplewashing\"},{\"@type\":\"BreadcrumbList\",\"@id\":\"https:\/\/mynews.es\/ca\/comunicar-sobre-igualtat-sense-caure-en-purplewashing\/#breadcrumb\",\"itemListElement\":[{\"@type\":\"ListItem\",\"position\":1,\"name\":\"Portada\",\"item\":\"https:\/\/mynews.es\/ca\/\"},{\"@type\":\"ListItem\",\"position\":2,\"name\":\"Comunicar sobre igualtat sense caure en Purplewashing\"}]},{\"@type\":\"WebSite\",\"@id\":\"https:\/\/mynews.es\/#website\",\"url\":\"https:\/\/mynews.es\/\",\"name\":\"My News\",\"description\":\"\",\"publisher\":{\"@id\":\"https:\/\/mynews.es\/#organization\"},\"alternateName\":\"MyNews\",\"potentialAction\":[{\"@type\":\"SearchAction\",\"target\":{\"@type\":\"EntryPoint\",\"urlTemplate\":\"https:\/\/mynews.es\/?s={search_term_string}\"},\"query-input\":{\"@type\":\"PropertyValueSpecification\",\"valueRequired\":true,\"valueName\":\"search_term_string\"}}],\"inLanguage\":\"ca\"},{\"@type\":\"Organization\",\"@id\":\"https:\/\/mynews.es\/#organization\",\"name\":\"My News\",\"url\":\"https:\/\/mynews.es\/\",\"logo\":{\"@type\":\"ImageObject\",\"inLanguage\":\"ca\",\"@id\":\"https:\/\/mynews.es\/#\/schema\/logo\/image\/\",\"url\":\"https:\/\/mynews.es\/wp-content\/uploads\/2025\/01\/logo_my_news.png\",\"contentUrl\":\"https:\/\/mynews.es\/wp-content\/uploads\/2025\/01\/logo_my_news.png\",\"width\":1200,\"height\":872,\"caption\":\"My News\"},\"image\":{\"@id\":\"https:\/\/mynews.es\/#\/schema\/logo\/image\/\"},\"sameAs\":[\"https:\/\/x.com\/MyNews_es\",\"https:\/\/www.instagram.com\/mynews.es\",\"https:\/\/www.linkedin.com\/company\/mynews-sl\/\"]},{\"@type\":\"Person\",\"@id\":\"https:\/\/mynews.es\/#\/schema\/person\/658aaaf49a657a2692a0ef1038424dde\",\"name\":\"Alba Medina\",\"image\":{\"@type\":\"ImageObject\",\"inLanguage\":\"ca\",\"@id\":\"https:\/\/mynews.es\/#\/schema\/person\/image\/\",\"url\":\"https:\/\/secure.gravatar.com\/avatar\/b6eee7ad6afdf552f433b4d3ba30e5521e4322005a6ee1490d218698ce43d293?s=96&d=mm&r=g\",\"contentUrl\":\"https:\/\/secure.gravatar.com\/avatar\/b6eee7ad6afdf552f433b4d3ba30e5521e4322005a6ee1490d218698ce43d293?s=96&d=mm&r=g\",\"caption\":\"Alba Medina\"},\"url\":\"https:\/\/mynews.es\/ca\/author\/alba-medina\/\"}]}<\/script>\n<!-- \/ Yoast SEO plugin. -->","yoast_head_json":{"title":"Comunicar sobre igualtat sense caure en Purplewashing - My News","description":"Comunicar sobre igualtat sense caure en Purplewashing \u00e9s fonamental perqu\u00e8 les empreses assumeixin un comprom\u00eds real i profund amb la causa.","robots":{"index":"index","follow":"follow","max-snippet":"max-snippet:-1","max-image-preview":"max-image-preview:large","max-video-preview":"max-video-preview:-1"},"canonical":"https:\/\/mynews.es\/ca\/comunicar-sobre-igualtat-sense-caure-en-purplewashing\/","og_locale":"ca_ES","og_type":"article","og_title":"Comunicar sobre igualtat sense caure en Purplewashing - My News","og_description":"Comunicar sobre igualtat sense caure en Purplewashing \u00e9s fonamental perqu\u00e8 les empreses assumeixin un comprom\u00eds real i profund amb la causa.","og_url":"https:\/\/mynews.es\/ca\/comunicar-sobre-igualtat-sense-caure-en-purplewashing\/","og_site_name":"My News","article_published_time":"2025-03-07T15:14:01+00:00","article_modified_time":"2025-03-07T15:14:03+00:00","og_image":[{"width":1070,"height":1080,"url":"https:\/\/mynews.es\/wp-content\/uploads\/2024\/03\/Infografias-horizontal-1.jpg","type":"image\/jpeg"}],"author":"Alba Medina","twitter_card":"summary_large_image","twitter_creator":"@MyNews_es","twitter_site":"@MyNews_es","twitter_misc":{"Escrit per":"Alba Medina","Temps estimat de lectura":"7 minuts"},"schema":{"@context":"https:\/\/schema.org","@graph":[{"@type":"Article","@id":"https:\/\/mynews.es\/ca\/comunicar-sobre-igualtat-sense-caure-en-purplewashing\/#article","isPartOf":{"@id":"https:\/\/mynews.es\/ca\/comunicar-sobre-igualtat-sense-caure-en-purplewashing\/"},"author":{"name":"Alba Medina","@id":"https:\/\/mynews.es\/#\/schema\/person\/658aaaf49a657a2692a0ef1038424dde"},"headline":"Comunicar sobre igualtat sense caure en Purplewashing","datePublished":"2025-03-07T15:14:01+00:00","dateModified":"2025-03-07T15:14:03+00:00","mainEntityOfPage":{"@id":"https:\/\/mynews.es\/ca\/comunicar-sobre-igualtat-sense-caure-en-purplewashing\/"},"wordCount":1417,"publisher":{"@id":"https:\/\/mynews.es\/#organization"},"image":{"@id":"https:\/\/mynews.es\/ca\/comunicar-sobre-igualtat-sense-caure-en-purplewashing\/#primaryimage"},"thumbnailUrl":"https:\/\/mynews.es\/wp-content\/uploads\/2024\/03\/Infografias-horizontal-1.jpg","keywords":["medios de comunicaci\u00f3n","marketing","marketing","Comunicaci\u00f3n","Comunicaci\u00f3n","Clipping"],"articleSection":["Comunicaci\u00f3n","Tendencias y RRSS"],"inLanguage":"ca"},{"@type":"WebPage","@id":"https:\/\/mynews.es\/ca\/comunicar-sobre-igualtat-sense-caure-en-purplewashing\/","url":"https:\/\/mynews.es\/ca\/comunicar-sobre-igualtat-sense-caure-en-purplewashing\/","name":"Comunicar sobre igualtat sense caure en Purplewashing - My News","isPartOf":{"@id":"https:\/\/mynews.es\/#website"},"primaryImageOfPage":{"@id":"https:\/\/mynews.es\/ca\/comunicar-sobre-igualtat-sense-caure-en-purplewashing\/#primaryimage"},"image":{"@id":"https:\/\/mynews.es\/ca\/comunicar-sobre-igualtat-sense-caure-en-purplewashing\/#primaryimage"},"thumbnailUrl":"https:\/\/mynews.es\/wp-content\/uploads\/2024\/03\/Infografias-horizontal-1.jpg","datePublished":"2025-03-07T15:14:01+00:00","dateModified":"2025-03-07T15:14:03+00:00","description":"Comunicar sobre igualtat sense caure en Purplewashing \u00e9s fonamental perqu\u00e8 les empreses assumeixin un comprom\u00eds real i profund amb la causa.","breadcrumb":{"@id":"https:\/\/mynews.es\/ca\/comunicar-sobre-igualtat-sense-caure-en-purplewashing\/#breadcrumb"},"inLanguage":"ca","potentialAction":[{"@type":"ReadAction","target":["https:\/\/mynews.es\/ca\/comunicar-sobre-igualtat-sense-caure-en-purplewashing\/"]}]},{"@type":"ImageObject","inLanguage":"ca","@id":"https:\/\/mynews.es\/ca\/comunicar-sobre-igualtat-sense-caure-en-purplewashing\/#primaryimage","url":"https:\/\/mynews.es\/wp-content\/uploads\/2024\/03\/Infografias-horizontal-1.jpg","contentUrl":"https:\/\/mynews.es\/wp-content\/uploads\/2024\/03\/Infografias-horizontal-1.jpg","width":1070,"height":1080,"caption":"Diaris amb titulars de Purplewashing"},{"@type":"BreadcrumbList","@id":"https:\/\/mynews.es\/ca\/comunicar-sobre-igualtat-sense-caure-en-purplewashing\/#breadcrumb","itemListElement":[{"@type":"ListItem","position":1,"name":"Portada","item":"https:\/\/mynews.es\/ca\/"},{"@type":"ListItem","position":2,"name":"Comunicar sobre igualtat sense caure en Purplewashing"}]},{"@type":"WebSite","@id":"https:\/\/mynews.es\/#website","url":"https:\/\/mynews.es\/","name":"My News","description":"","publisher":{"@id":"https:\/\/mynews.es\/#organization"},"alternateName":"MyNews","potentialAction":[{"@type":"SearchAction","target":{"@type":"EntryPoint","urlTemplate":"https:\/\/mynews.es\/?s={search_term_string}"},"query-input":{"@type":"PropertyValueSpecification","valueRequired":true,"valueName":"search_term_string"}}],"inLanguage":"ca"},{"@type":"Organization","@id":"https:\/\/mynews.es\/#organization","name":"My News","url":"https:\/\/mynews.es\/","logo":{"@type":"ImageObject","inLanguage":"ca","@id":"https:\/\/mynews.es\/#\/schema\/logo\/image\/","url":"https:\/\/mynews.es\/wp-content\/uploads\/2025\/01\/logo_my_news.png","contentUrl":"https:\/\/mynews.es\/wp-content\/uploads\/2025\/01\/logo_my_news.png","width":1200,"height":872,"caption":"My News"},"image":{"@id":"https:\/\/mynews.es\/#\/schema\/logo\/image\/"},"sameAs":["https:\/\/x.com\/MyNews_es","https:\/\/www.instagram.com\/mynews.es","https:\/\/www.linkedin.com\/company\/mynews-sl\/"]},{"@type":"Person","@id":"https:\/\/mynews.es\/#\/schema\/person\/658aaaf49a657a2692a0ef1038424dde","name":"Alba Medina","image":{"@type":"ImageObject","inLanguage":"ca","@id":"https:\/\/mynews.es\/#\/schema\/person\/image\/","url":"https:\/\/secure.gravatar.com\/avatar\/b6eee7ad6afdf552f433b4d3ba30e5521e4322005a6ee1490d218698ce43d293?s=96&d=mm&r=g","contentUrl":"https:\/\/secure.gravatar.com\/avatar\/b6eee7ad6afdf552f433b4d3ba30e5521e4322005a6ee1490d218698ce43d293?s=96&d=mm&r=g","caption":"Alba Medina"},"url":"https:\/\/mynews.es\/ca\/author\/alba-medina\/"}]}},"_links":{"self":[{"href":"https:\/\/mynews.es\/ca\/wp-json\/wp\/v2\/posts\/19957","targetHints":{"allow":["GET"]}}],"collection":[{"href":"https:\/\/mynews.es\/ca\/wp-json\/wp\/v2\/posts"}],"about":[{"href":"https:\/\/mynews.es\/ca\/wp-json\/wp\/v2\/types\/post"}],"author":[{"embeddable":true,"href":"https:\/\/mynews.es\/ca\/wp-json\/wp\/v2\/users\/7"}],"replies":[{"embeddable":true,"href":"https:\/\/mynews.es\/ca\/wp-json\/wp\/v2\/comments?post=19957"}],"version-history":[{"count":7,"href":"https:\/\/mynews.es\/ca\/wp-json\/wp\/v2\/posts\/19957\/revisions"}],"predecessor-version":[{"id":22079,"href":"https:\/\/mynews.es\/ca\/wp-json\/wp\/v2\/posts\/19957\/revisions\/22079"}],"wp:featuredmedia":[{"embeddable":true,"href":"https:\/\/mynews.es\/ca\/wp-json\/wp\/v2\/media\/22062"}],"wp:attachment":[{"href":"https:\/\/mynews.es\/ca\/wp-json\/wp\/v2\/media?parent=19957"}],"wp:term":[{"taxonomy":"category","embeddable":true,"href":"https:\/\/mynews.es\/ca\/wp-json\/wp\/v2\/categories?post=19957"},{"taxonomy":"post_tag","embeddable":true,"href":"https:\/\/mynews.es\/ca\/wp-json\/wp\/v2\/tags?post=19957"}],"curies":[{"name":"wp","href":"https:\/\/api.w.org\/{rel}","templated":true}]}}