{"id":18459,"date":"2023-12-11T16:52:20","date_gmt":"2023-12-11T16:52:20","guid":{"rendered":"https:\/\/mynews.es\/inteligencia-artificial-aplicada-a-los-medios-de-comunicacion\/"},"modified":"2024-01-11T08:12:48","modified_gmt":"2024-01-11T08:12:48","slug":"inteligencia-artificial-aplicada-als-mitjans-de-comunicacio","status":"publish","type":"post","link":"https:\/\/mynews.es\/ca\/inteligencia-artificial-aplicada-als-mitjans-de-comunicacio\/","title":{"rendered":"Intel\u00b7lig\u00e8ncia Artificial aplicada als mitjans de comunicaci\u00f3"},"content":{"rendered":"\t\t<div data-elementor-type=\"wp-post\" data-elementor-id=\"18459\" class=\"elementor elementor-18459 elementor-18458\" data-elementor-post-type=\"post\">\n\t\t\t\t\t\t<section class=\"elementor-section elementor-top-section elementor-element elementor-element-42413ad elementor-section-boxed elementor-section-height-default elementor-section-height-default\" data-id=\"42413ad\" data-element_type=\"section\" data-settings=\"{&quot;jet_parallax_layout_list&quot;:[{&quot;jet_parallax_layout_image&quot;:{&quot;url&quot;:&quot;&quot;,&quot;id&quot;:&quot;&quot;,&quot;size&quot;:&quot;&quot;},&quot;_id&quot;:&quot;9334add&quot;,&quot;jet_parallax_layout_image_tablet&quot;:{&quot;url&quot;:&quot;&quot;,&quot;id&quot;:&quot;&quot;,&quot;size&quot;:&quot;&quot;},&quot;jet_parallax_layout_image_mobile&quot;:{&quot;url&quot;:&quot;&quot;,&quot;id&quot;:&quot;&quot;,&quot;size&quot;:&quot;&quot;},&quot;jet_parallax_layout_speed&quot;:{&quot;unit&quot;:&quot;%&quot;,&quot;size&quot;:50,&quot;sizes&quot;:[]},&quot;jet_parallax_layout_type&quot;:&quot;scroll&quot;,&quot;jet_parallax_layout_direction&quot;:&quot;1&quot;,&quot;jet_parallax_layout_fx_direction&quot;:null,&quot;jet_parallax_layout_z_index&quot;:&quot;&quot;,&quot;jet_parallax_layout_bg_x&quot;:50,&quot;jet_parallax_layout_bg_x_tablet&quot;:&quot;&quot;,&quot;jet_parallax_layout_bg_x_mobile&quot;:&quot;&quot;,&quot;jet_parallax_layout_bg_y&quot;:50,&quot;jet_parallax_layout_bg_y_tablet&quot;:&quot;&quot;,&quot;jet_parallax_layout_bg_y_mobile&quot;:&quot;&quot;,&quot;jet_parallax_layout_bg_size&quot;:&quot;auto&quot;,&quot;jet_parallax_layout_bg_size_tablet&quot;:&quot;&quot;,&quot;jet_parallax_layout_bg_size_mobile&quot;:&quot;&quot;,&quot;jet_parallax_layout_animation_prop&quot;:&quot;transform&quot;,&quot;jet_parallax_layout_on&quot;:[&quot;desktop&quot;,&quot;tablet&quot;]}]}\">\n\t\t\t\t\t\t<div class=\"elementor-container elementor-column-gap-default\">\n\t\t\t\t\t<div class=\"elementor-column elementor-col-100 elementor-top-column elementor-element elementor-element-4b8e413\" data-id=\"4b8e413\" data-element_type=\"column\">\n\t\t\t<div class=\"elementor-widget-wrap elementor-element-populated\">\n\t\t\t\t\t\t<div class=\"elementor-element elementor-element-254d00f elementor-widget elementor-widget-text-editor\" data-id=\"254d00f\" data-element_type=\"widget\" data-widget_type=\"text-editor.default\">\n\t\t\t\t<div class=\"elementor-widget-container\">\n\t\t\t\t\t\t\t\t\t<h4><span style=\"text-decoration: underline;\"><span style=\"font-weight: 400;\">Quin impacte t\u00e9 la Intel\u00b7lig\u00e8ncia Artificial en el periodisme? \u00c9s possible utilitzar la IA d&#8217;acord amb l&#8217;\u00e8tica period\u00edstica? \u00c9s la IA una eina \u00fatil contra la desinformaci\u00f3? Aquestes i moltes altres inc\u00f2gnites es van plantejar durant la formaci\u00f3.<\/span><br \/><\/span><\/h4>\t\t\t\t\t\t\t\t<\/div>\n\t\t\t\t<\/div>\n\t\t\t\t\t<\/div>\n\t\t<\/div>\n\t\t\t\t\t<\/div>\n\t\t<\/section>\n\t\t\t\t<section class=\"elementor-section elementor-top-section elementor-element elementor-element-fa2a1be elementor-section-boxed elementor-section-height-default elementor-section-height-default\" data-id=\"fa2a1be\" data-element_type=\"section\" data-settings=\"{&quot;jet_parallax_layout_list&quot;:[{&quot;jet_parallax_layout_image&quot;:{&quot;url&quot;:&quot;&quot;,&quot;id&quot;:&quot;&quot;,&quot;size&quot;:&quot;&quot;},&quot;_id&quot;:&quot;fc8a13f&quot;,&quot;jet_parallax_layout_image_tablet&quot;:{&quot;url&quot;:&quot;&quot;,&quot;id&quot;:&quot;&quot;,&quot;size&quot;:&quot;&quot;},&quot;jet_parallax_layout_image_mobile&quot;:{&quot;url&quot;:&quot;&quot;,&quot;id&quot;:&quot;&quot;,&quot;size&quot;:&quot;&quot;},&quot;jet_parallax_layout_speed&quot;:{&quot;unit&quot;:&quot;%&quot;,&quot;size&quot;:50,&quot;sizes&quot;:[]},&quot;jet_parallax_layout_type&quot;:&quot;scroll&quot;,&quot;jet_parallax_layout_direction&quot;:&quot;1&quot;,&quot;jet_parallax_layout_fx_direction&quot;:null,&quot;jet_parallax_layout_z_index&quot;:&quot;&quot;,&quot;jet_parallax_layout_bg_x&quot;:50,&quot;jet_parallax_layout_bg_x_tablet&quot;:&quot;&quot;,&quot;jet_parallax_layout_bg_x_mobile&quot;:&quot;&quot;,&quot;jet_parallax_layout_bg_y&quot;:50,&quot;jet_parallax_layout_bg_y_tablet&quot;:&quot;&quot;,&quot;jet_parallax_layout_bg_y_mobile&quot;:&quot;&quot;,&quot;jet_parallax_layout_bg_size&quot;:&quot;auto&quot;,&quot;jet_parallax_layout_bg_size_tablet&quot;:&quot;&quot;,&quot;jet_parallax_layout_bg_size_mobile&quot;:&quot;&quot;,&quot;jet_parallax_layout_animation_prop&quot;:&quot;transform&quot;,&quot;jet_parallax_layout_on&quot;:[&quot;desktop&quot;,&quot;tablet&quot;]}]}\">\n\t\t\t\t\t\t<div class=\"elementor-container elementor-column-gap-default\">\n\t\t\t\t\t<div class=\"elementor-column elementor-col-100 elementor-top-column elementor-element elementor-element-a177b0c\" data-id=\"a177b0c\" data-element_type=\"column\">\n\t\t\t<div class=\"elementor-widget-wrap elementor-element-populated\">\n\t\t\t\t\t\t<section class=\"elementor-section elementor-inner-section elementor-element elementor-element-5972049 elementor-section-boxed elementor-section-height-default elementor-section-height-default\" data-id=\"5972049\" data-element_type=\"section\" data-settings=\"{&quot;jet_parallax_layout_list&quot;:[{&quot;jet_parallax_layout_image&quot;:{&quot;url&quot;:&quot;&quot;,&quot;id&quot;:&quot;&quot;,&quot;size&quot;:&quot;&quot;},&quot;_id&quot;:&quot;4fe0b62&quot;,&quot;jet_parallax_layout_image_tablet&quot;:{&quot;url&quot;:&quot;&quot;,&quot;id&quot;:&quot;&quot;,&quot;size&quot;:&quot;&quot;},&quot;jet_parallax_layout_image_mobile&quot;:{&quot;url&quot;:&quot;&quot;,&quot;id&quot;:&quot;&quot;,&quot;size&quot;:&quot;&quot;},&quot;jet_parallax_layout_speed&quot;:{&quot;unit&quot;:&quot;%&quot;,&quot;size&quot;:50,&quot;sizes&quot;:[]},&quot;jet_parallax_layout_type&quot;:&quot;scroll&quot;,&quot;jet_parallax_layout_direction&quot;:&quot;1&quot;,&quot;jet_parallax_layout_fx_direction&quot;:null,&quot;jet_parallax_layout_z_index&quot;:&quot;&quot;,&quot;jet_parallax_layout_bg_x&quot;:50,&quot;jet_parallax_layout_bg_x_tablet&quot;:&quot;&quot;,&quot;jet_parallax_layout_bg_x_mobile&quot;:&quot;&quot;,&quot;jet_parallax_layout_bg_y&quot;:50,&quot;jet_parallax_layout_bg_y_tablet&quot;:&quot;&quot;,&quot;jet_parallax_layout_bg_y_mobile&quot;:&quot;&quot;,&quot;jet_parallax_layout_bg_size&quot;:&quot;auto&quot;,&quot;jet_parallax_layout_bg_size_tablet&quot;:&quot;&quot;,&quot;jet_parallax_layout_bg_size_mobile&quot;:&quot;&quot;,&quot;jet_parallax_layout_animation_prop&quot;:&quot;transform&quot;,&quot;jet_parallax_layout_on&quot;:[&quot;desktop&quot;,&quot;tablet&quot;]}]}\">\n\t\t\t\t\t\t<div class=\"elementor-container elementor-column-gap-default\">\n\t\t\t\t\t<div class=\"elementor-column elementor-col-50 elementor-inner-column elementor-element elementor-element-f4cecef\" data-id=\"f4cecef\" data-element_type=\"column\">\n\t\t\t<div class=\"elementor-widget-wrap elementor-element-populated\">\n\t\t\t\t\t\t<div class=\"elementor-element elementor-element-e7d9b57 elementor-widget elementor-widget-text-editor\" data-id=\"e7d9b57\" data-element_type=\"widget\" data-widget_type=\"text-editor.default\">\n\t\t\t\t<div class=\"elementor-widget-container\">\n\t\t\t\t\t\t\t\t\t<p><span style=\"font-weight: 400;\">El passat 28 de setembre, MyNews va unir al Col\u00b7legi de Periodistes de Catalunya i a la periodista Susana P\u00e9rez-Soler en una formaci\u00f3 entorn de la Intel\u00b7lig\u00e8ncia Artificial i la seva aplicaci\u00f3 en els mitjans de comunicaci\u00f3. Susana P\u00e9rez-Soler, especialista en periodisme digital i autora del llibre &#8220;Periodisme i xarxes socials. Claus per a la gesti\u00f3 de continguts digitals&#8221;, va impartir una sessi\u00f3 en la qual va reflexionar sobre l&#8217;\u00fas de les eines d&#8217;Intel\u00b7lig\u00e8ncia Artificial en el periodisme, l&#8217;\u00e8tica period\u00edstica i les oportunitats i inc\u00f2gnites que es plantegen en els mitjans de comunicaci\u00f3.<\/span><\/p>\t\t\t\t\t\t\t\t<\/div>\n\t\t\t\t<\/div>\n\t\t\t\t<div class=\"elementor-element elementor-element-7f0f43e elementor-widget elementor-widget-text-editor\" data-id=\"7f0f43e\" data-element_type=\"widget\" data-widget_type=\"text-editor.default\">\n\t\t\t\t<div class=\"elementor-widget-container\">\n\t\t\t\t\t\t\t\t\t<blockquote><p><span style=\"font-weight: 400;\">&#8220;Com m\u00e9s Intel\u00b7lig\u00e8ncia Artificial, m\u00e9s periodisme&#8221;, Susana P\u00e9rez Soler, periodista Col\u00b7legi de Periodistes de Catalunya.<\/span><\/p><\/blockquote>\t\t\t\t\t\t\t\t<\/div>\n\t\t\t\t<\/div>\n\t\t\t\t\t<\/div>\n\t\t<\/div>\n\t\t\t\t<div class=\"elementor-column elementor-col-50 elementor-inner-column elementor-element elementor-element-0227860\" data-id=\"0227860\" data-element_type=\"column\">\n\t\t\t<div class=\"elementor-widget-wrap elementor-element-populated\">\n\t\t\t\t\t\t<div class=\"elementor-element elementor-element-6ea9533 elementor-widget elementor-widget-image\" data-id=\"6ea9533\" data-element_type=\"widget\" data-widget_type=\"image.default\">\n\t\t\t\t<div class=\"elementor-widget-container\">\n\t\t\t\t\t\t\t\t\t\t\t\t\t\t\t<img decoding=\"async\" src=\"https:\/\/mynews.es\/wp-content\/uploads\/2023\/12\/EventoIA_1.jpg\" title=\"\" alt=\"\" loading=\"lazy\" \/>\t\t\t\t\t\t\t\t\t\t\t\t\t\t\t<\/div>\n\t\t\t\t<\/div>\n\t\t\t\t\t<\/div>\n\t\t<\/div>\n\t\t\t\t\t<\/div>\n\t\t<\/section>\n\t\t\t\t\t<\/div>\n\t\t<\/div>\n\t\t\t\t\t<\/div>\n\t\t<\/section>\n\t\t\t\t<section class=\"elementor-section elementor-top-section elementor-element elementor-element-9b5e6f3 elementor-section-boxed elementor-section-height-default elementor-section-height-default\" data-id=\"9b5e6f3\" data-element_type=\"section\" data-settings=\"{&quot;jet_parallax_layout_list&quot;:[{&quot;jet_parallax_layout_image&quot;:{&quot;url&quot;:&quot;&quot;,&quot;id&quot;:&quot;&quot;,&quot;size&quot;:&quot;&quot;},&quot;_id&quot;:&quot;fc8a13f&quot;,&quot;jet_parallax_layout_image_tablet&quot;:{&quot;url&quot;:&quot;&quot;,&quot;id&quot;:&quot;&quot;,&quot;size&quot;:&quot;&quot;},&quot;jet_parallax_layout_image_mobile&quot;:{&quot;url&quot;:&quot;&quot;,&quot;id&quot;:&quot;&quot;,&quot;size&quot;:&quot;&quot;},&quot;jet_parallax_layout_speed&quot;:{&quot;unit&quot;:&quot;%&quot;,&quot;size&quot;:50,&quot;sizes&quot;:[]},&quot;jet_parallax_layout_type&quot;:&quot;scroll&quot;,&quot;jet_parallax_layout_direction&quot;:&quot;1&quot;,&quot;jet_parallax_layout_fx_direction&quot;:null,&quot;jet_parallax_layout_z_index&quot;:&quot;&quot;,&quot;jet_parallax_layout_bg_x&quot;:50,&quot;jet_parallax_layout_bg_x_tablet&quot;:&quot;&quot;,&quot;jet_parallax_layout_bg_x_mobile&quot;:&quot;&quot;,&quot;jet_parallax_layout_bg_y&quot;:50,&quot;jet_parallax_layout_bg_y_tablet&quot;:&quot;&quot;,&quot;jet_parallax_layout_bg_y_mobile&quot;:&quot;&quot;,&quot;jet_parallax_layout_bg_size&quot;:&quot;auto&quot;,&quot;jet_parallax_layout_bg_size_tablet&quot;:&quot;&quot;,&quot;jet_parallax_layout_bg_size_mobile&quot;:&quot;&quot;,&quot;jet_parallax_layout_animation_prop&quot;:&quot;transform&quot;,&quot;jet_parallax_layout_on&quot;:[&quot;desktop&quot;,&quot;tablet&quot;]}]}\">\n\t\t\t\t\t\t<div class=\"elementor-container elementor-column-gap-default\">\n\t\t\t\t\t<div class=\"elementor-column elementor-col-100 elementor-top-column elementor-element elementor-element-b59dd32\" data-id=\"b59dd32\" data-element_type=\"column\">\n\t\t\t<div class=\"elementor-widget-wrap elementor-element-populated\">\n\t\t\t\t\t\t<div class=\"elementor-element elementor-element-ff2e3a8 elementor-widget elementor-widget-heading\" data-id=\"ff2e3a8\" data-element_type=\"widget\" data-widget_type=\"heading.default\">\n\t\t\t\t<div class=\"elementor-widget-container\">\n\t\t\t\t\t<h2 class=\"elementor-heading-title elementor-size-default\">Conceptualitzant la Intel\u00b7lig\u00e8ncia Artificial. IA Feble vs IA Fort<\/h2>\t\t\t\t<\/div>\n\t\t\t\t<\/div>\n\t\t\t\t<div class=\"elementor-element elementor-element-897d365 elementor-widget elementor-widget-text-editor\" data-id=\"897d365\" data-element_type=\"widget\" data-widget_type=\"text-editor.default\">\n\t\t\t\t<div class=\"elementor-widget-container\">\n\t\t\t\t\t\t\t\t\t<p><span style=\"font-weight: 400;\">La Intel\u00b7lig\u00e8ncia Artificial es defineix <\/span><a href=\"https:\/\/planderecuperacion.gob.es\/noticias\/que-es-inteligencia-artificial-ia-prtr\"><span style=\"font-weight: 400;\">segons la Comissi\u00f3 Europea<\/span><\/a><span style=\"font-weight: 400;\"> com un conjunt de sistemes de programari dissenyat per humans que actuen en la dimensi\u00f3 f\u00edsica o digital davant un objectiu complex. Tenen la capacitat de percebre el seu entorn interpretant dades m\u00e9s o menys estructurades i fer servir dades i informaci\u00f3 per a raonar sobre el coneixement.<\/span><\/p><p><a href=\"https:\/\/planderecuperacion.gob.es\/noticias\/que-es-inteligencia-artificial-ia-prtr\"><span style=\"font-weight: 400;\">D&#8217;acord amb el govern espanyol<\/span><\/a><span style=\"font-weight: 400;\">, &#8220;La intel\u00b7lig\u00e8ncia artificial (IA) \u00e9s un camp de la inform\u00e0tica que s&#8217;enfoca a crear sistemes que puguin fer tasques que normalment requereixen intel\u00b7lig\u00e8ncia humana, com l&#8217;aprenentatge, el raonament i la percepci\u00f3.&#8221;<\/span><\/p><p><br \/><a href=\"https:\/\/www.bigdata-social.com\/inteligencia-artificial-debil-y-fuerte-fundamentos-de-la-ia\/\"><span style=\"font-weight: 400;\">La Intel\u00b7lig\u00e8ncia Artificial pot ser feble o forta<\/span><\/a><span style=\"font-weight: 400;\"> segons l&#8217;\u00fas que se li doni i les capacitats que tingui l&#8217;eina: La IA feble \u00e9s un sistema orientat a resoldre problemes concrets i delimitats, alguna cosa que les m\u00e0quines aprenen a fer a trav\u00e9s de patrons i tend\u00e8ncies repetitives gr\u00e0cies a algorismes que programem els humans. Com a exemple d\u2019IA feble es podrien destacar els detectors d&#8217;spam en els correus electr\u00f2nics, els assistents virtuals o els sistemes de reconeixement de veu. En canvi, entenem com IA fort un sistema m\u00e9s complex, que \u00e9s capa\u00e7 d&#8217;abordar decisions de manera &#8220;proactiva, deductiva i conscient&#8221;. Els sistemes d&#8217;aprenentatge autom\u00e0tic avan\u00e7at, que reconeixen dades i poden prendre decisions aut\u00f2nomes, serien un exemple d\u2019IA fort, que encara est\u00e0 en desenvolupament i expansi\u00f3.<\/span><\/p>\t\t\t\t\t\t\t\t<\/div>\n\t\t\t\t<\/div>\n\t\t\t\t\t<\/div>\n\t\t<\/div>\n\t\t\t\t\t<\/div>\n\t\t<\/section>\n\t\t\t\t<section class=\"elementor-section elementor-top-section elementor-element elementor-element-063c3e8 elementor-section-boxed elementor-section-height-default elementor-section-height-default\" data-id=\"063c3e8\" data-element_type=\"section\" data-settings=\"{&quot;jet_parallax_layout_list&quot;:[{&quot;jet_parallax_layout_image&quot;:{&quot;url&quot;:&quot;&quot;,&quot;id&quot;:&quot;&quot;,&quot;size&quot;:&quot;&quot;},&quot;_id&quot;:&quot;fc8a13f&quot;,&quot;jet_parallax_layout_image_tablet&quot;:{&quot;url&quot;:&quot;&quot;,&quot;id&quot;:&quot;&quot;,&quot;size&quot;:&quot;&quot;},&quot;jet_parallax_layout_image_mobile&quot;:{&quot;url&quot;:&quot;&quot;,&quot;id&quot;:&quot;&quot;,&quot;size&quot;:&quot;&quot;},&quot;jet_parallax_layout_speed&quot;:{&quot;unit&quot;:&quot;%&quot;,&quot;size&quot;:50,&quot;sizes&quot;:[]},&quot;jet_parallax_layout_type&quot;:&quot;scroll&quot;,&quot;jet_parallax_layout_direction&quot;:&quot;1&quot;,&quot;jet_parallax_layout_fx_direction&quot;:null,&quot;jet_parallax_layout_z_index&quot;:&quot;&quot;,&quot;jet_parallax_layout_bg_x&quot;:50,&quot;jet_parallax_layout_bg_x_tablet&quot;:&quot;&quot;,&quot;jet_parallax_layout_bg_x_mobile&quot;:&quot;&quot;,&quot;jet_parallax_layout_bg_y&quot;:50,&quot;jet_parallax_layout_bg_y_tablet&quot;:&quot;&quot;,&quot;jet_parallax_layout_bg_y_mobile&quot;:&quot;&quot;,&quot;jet_parallax_layout_bg_size&quot;:&quot;auto&quot;,&quot;jet_parallax_layout_bg_size_tablet&quot;:&quot;&quot;,&quot;jet_parallax_layout_bg_size_mobile&quot;:&quot;&quot;,&quot;jet_parallax_layout_animation_prop&quot;:&quot;transform&quot;,&quot;jet_parallax_layout_on&quot;:[&quot;desktop&quot;,&quot;tablet&quot;]}]}\">\n\t\t\t\t\t\t<div class=\"elementor-container elementor-column-gap-default\">\n\t\t\t\t\t<div class=\"elementor-column elementor-col-100 elementor-top-column elementor-element elementor-element-b09f38f\" data-id=\"b09f38f\" data-element_type=\"column\">\n\t\t\t<div class=\"elementor-widget-wrap elementor-element-populated\">\n\t\t\t\t\t\t<div class=\"elementor-element elementor-element-94603e4 elementor-widget elementor-widget-heading\" data-id=\"94603e4\" data-element_type=\"widget\" data-widget_type=\"heading.default\">\n\t\t\t\t<div class=\"elementor-widget-container\">\n\t\t\t\t\t<h2 class=\"elementor-heading-title elementor-size-default\"> \"Com m\u00e9s Intel\u00b7lig\u00e8ncia Artificial, m\u00e9s periodisme\"<\/h2>\t\t\t\t<\/div>\n\t\t\t\t<\/div>\n\t\t\t\t<div class=\"elementor-element elementor-element-7dc9a7d elementor-widget elementor-widget-text-editor\" data-id=\"7dc9a7d\" data-element_type=\"widget\" data-widget_type=\"text-editor.default\">\n\t\t\t\t<div class=\"elementor-widget-container\">\n\t\t\t\t\t\t\t\t\t<p><span style=\"font-weight: 400;\">La Intel\u00b7lig\u00e8ncia Artificial t\u00e9 un important impacte en els mitjans de comunicaci\u00f3 i en la tasca del periodista. Observatorio Nacional de Tecnologia y Sociedad (ONTSI) en el seu informe &#8220;<\/span><a href=\"https:\/\/www.ontsi.es\/es\/publicaciones\/uso-de-inteligencia-artificial-y-big-data-en-las-empresas-espanolas\"><span style=\"font-weight: 400;\">Uso de inteligencia artificial y big data en empresas espa\u00f1olas<\/span><\/a><span style=\"font-weight: 400;\">\u201d ja assenyalava que, en 2021, les empreses d&#8217;informaci\u00f3 i comunicacions eren ja les que m\u00e9s usaven l\u2019 IA dins del sector empresarial espanyol.<\/span><\/p>\t\t\t\t\t\t\t\t<\/div>\n\t\t\t\t<\/div>\n\t\t\t\t<section class=\"elementor-section elementor-inner-section elementor-element elementor-element-f52d80b elementor-section-boxed elementor-section-height-default elementor-section-height-default\" data-id=\"f52d80b\" data-element_type=\"section\" data-settings=\"{&quot;jet_parallax_layout_list&quot;:[{&quot;jet_parallax_layout_image&quot;:{&quot;url&quot;:&quot;&quot;,&quot;id&quot;:&quot;&quot;,&quot;size&quot;:&quot;&quot;},&quot;_id&quot;:&quot;4fe0b62&quot;,&quot;jet_parallax_layout_image_tablet&quot;:{&quot;url&quot;:&quot;&quot;,&quot;id&quot;:&quot;&quot;,&quot;size&quot;:&quot;&quot;},&quot;jet_parallax_layout_image_mobile&quot;:{&quot;url&quot;:&quot;&quot;,&quot;id&quot;:&quot;&quot;,&quot;size&quot;:&quot;&quot;},&quot;jet_parallax_layout_speed&quot;:{&quot;unit&quot;:&quot;%&quot;,&quot;size&quot;:50,&quot;sizes&quot;:[]},&quot;jet_parallax_layout_type&quot;:&quot;scroll&quot;,&quot;jet_parallax_layout_direction&quot;:&quot;1&quot;,&quot;jet_parallax_layout_fx_direction&quot;:null,&quot;jet_parallax_layout_z_index&quot;:&quot;&quot;,&quot;jet_parallax_layout_bg_x&quot;:50,&quot;jet_parallax_layout_bg_x_tablet&quot;:&quot;&quot;,&quot;jet_parallax_layout_bg_x_mobile&quot;:&quot;&quot;,&quot;jet_parallax_layout_bg_y&quot;:50,&quot;jet_parallax_layout_bg_y_tablet&quot;:&quot;&quot;,&quot;jet_parallax_layout_bg_y_mobile&quot;:&quot;&quot;,&quot;jet_parallax_layout_bg_size&quot;:&quot;auto&quot;,&quot;jet_parallax_layout_bg_size_tablet&quot;:&quot;&quot;,&quot;jet_parallax_layout_bg_size_mobile&quot;:&quot;&quot;,&quot;jet_parallax_layout_animation_prop&quot;:&quot;transform&quot;,&quot;jet_parallax_layout_on&quot;:[&quot;desktop&quot;,&quot;tablet&quot;]}]}\">\n\t\t\t\t\t\t<div class=\"elementor-container elementor-column-gap-default\">\n\t\t\t\t\t<div class=\"elementor-column elementor-col-50 elementor-inner-column elementor-element elementor-element-ec6beac\" data-id=\"ec6beac\" data-element_type=\"column\">\n\t\t\t<div class=\"elementor-widget-wrap elementor-element-populated\">\n\t\t\t\t\t\t<div class=\"elementor-element elementor-element-e54af1f elementor-widget elementor-widget-text-editor\" data-id=\"e54af1f\" data-element_type=\"widget\" data-widget_type=\"text-editor.default\">\n\t\t\t\t<div class=\"elementor-widget-container\">\n\t\t\t\t\t\t\t\t\t<p><span style=\"font-weight: 400;\">Nombroses eines d\u2019 IA faciliten la generaci\u00f3 de contingut, i \u00e9s justament en aquesta q\u00fcesti\u00f3 en la qual es planteja l&#8217;amena\u00e7a de l\u2019IA en les professions relacionades amb la comunicaci\u00f3: \u00c9s una amena\u00e7a l\u2019IA per al periodisme? S&#8217;eliminaran llocs de treball per a donar pas a la generaci\u00f3 de contingut a trav\u00e9s de l\u2019IA?<\/span><\/p><p>\u00a0<\/p><p><b>Susana P\u00e9rez-Soler ens va aportar una visi\u00f3 positivista de la Intel\u00b7lig\u00e8ncia Artificial en relaci\u00f3 amb el periodisme: &#8220;Com m\u00e9s Intel\u00b7lig\u00e8ncia Artificial, m\u00e9s periodisme&#8221;. <\/b><span style=\"font-weight: 400;\">Durant la formaci\u00f3, Susana P\u00e9rez-Soler ens va recordar les oportunitats que la Intel\u00b7lig\u00e8ncia Artificial com a eina period\u00edstica ens pot aportar. Entre elles trobem la gran capacitat d&#8217;automatitzaci\u00f3 de tasques, la rapidesa anal\u00edtica o l&#8217;oportunitat d&#8217;investigar amb m\u00e9s profunditat. Potenciar el SEU o detectar fake news s\u00f3n tasques que tamb\u00e9 es poden arribar a automatitzar amb la Intel\u00b7lig\u00e8ncia Artificial.<\/span><\/p><p>\u00a0<\/p><p><span style=\"font-weight: 400;\">Aix\u00ed i tot, cal recordar que la r\u00e0pida entrada d&#8217;aquesta tecnologia a les redaccions period\u00edstiques suposa diferents reptes, i que els periodistes sempre s\u00f3n necessaris per a donar sentit a la informaci\u00f3 i proporcionar un context complet a l&#8217;audi\u00e8ncia. Susana ens va recordar que ja existeixen professions nascudes gr\u00e0cies a l\u2019IA. El lloc d&#8217;edici\u00f3 de contingut period\u00edstic generat per IA \u00e9s un exemple que \u00e9s present ja en moltes redaccions.<\/span><\/p>\t\t\t\t\t\t\t\t<\/div>\n\t\t\t\t<\/div>\n\t\t\t\t\t<\/div>\n\t\t<\/div>\n\t\t\t\t<div class=\"elementor-column elementor-col-50 elementor-inner-column elementor-element elementor-element-bc84796\" data-id=\"bc84796\" data-element_type=\"column\">\n\t\t\t<div class=\"elementor-widget-wrap elementor-element-populated\">\n\t\t\t\t\t\t<div class=\"elementor-element elementor-element-71bd8c5 elementor-widget elementor-widget-image\" data-id=\"71bd8c5\" data-element_type=\"widget\" data-widget_type=\"image.default\">\n\t\t\t\t<div class=\"elementor-widget-container\">\n\t\t\t\t\t\t\t\t\t\t\t\t\t\t\t<img decoding=\"async\" src=\"https:\/\/mynews.es\/wp-content\/uploads\/2023\/12\/EventoIA_2.jpg\" title=\"\" alt=\"\" loading=\"lazy\" \/>\t\t\t\t\t\t\t\t\t\t\t\t\t\t\t<\/div>\n\t\t\t\t<\/div>\n\t\t\t\t\t<\/div>\n\t\t<\/div>\n\t\t\t\t\t<\/div>\n\t\t<\/section>\n\t\t\t\t\t<\/div>\n\t\t<\/div>\n\t\t\t\t\t<\/div>\n\t\t<\/section>\n\t\t\t\t<section class=\"elementor-section elementor-top-section elementor-element elementor-element-a62f222 elementor-section-boxed elementor-section-height-default elementor-section-height-default\" data-id=\"a62f222\" data-element_type=\"section\" data-settings=\"{&quot;jet_parallax_layout_list&quot;:[{&quot;jet_parallax_layout_image&quot;:{&quot;url&quot;:&quot;&quot;,&quot;id&quot;:&quot;&quot;,&quot;size&quot;:&quot;&quot;},&quot;_id&quot;:&quot;fc8a13f&quot;,&quot;jet_parallax_layout_image_tablet&quot;:{&quot;url&quot;:&quot;&quot;,&quot;id&quot;:&quot;&quot;,&quot;size&quot;:&quot;&quot;},&quot;jet_parallax_layout_image_mobile&quot;:{&quot;url&quot;:&quot;&quot;,&quot;id&quot;:&quot;&quot;,&quot;size&quot;:&quot;&quot;},&quot;jet_parallax_layout_speed&quot;:{&quot;unit&quot;:&quot;%&quot;,&quot;size&quot;:50,&quot;sizes&quot;:[]},&quot;jet_parallax_layout_type&quot;:&quot;scroll&quot;,&quot;jet_parallax_layout_direction&quot;:&quot;1&quot;,&quot;jet_parallax_layout_fx_direction&quot;:null,&quot;jet_parallax_layout_z_index&quot;:&quot;&quot;,&quot;jet_parallax_layout_bg_x&quot;:50,&quot;jet_parallax_layout_bg_x_tablet&quot;:&quot;&quot;,&quot;jet_parallax_layout_bg_x_mobile&quot;:&quot;&quot;,&quot;jet_parallax_layout_bg_y&quot;:50,&quot;jet_parallax_layout_bg_y_tablet&quot;:&quot;&quot;,&quot;jet_parallax_layout_bg_y_mobile&quot;:&quot;&quot;,&quot;jet_parallax_layout_bg_size&quot;:&quot;auto&quot;,&quot;jet_parallax_layout_bg_size_tablet&quot;:&quot;&quot;,&quot;jet_parallax_layout_bg_size_mobile&quot;:&quot;&quot;,&quot;jet_parallax_layout_animation_prop&quot;:&quot;transform&quot;,&quot;jet_parallax_layout_on&quot;:[&quot;desktop&quot;,&quot;tablet&quot;]}]}\">\n\t\t\t\t\t\t<div class=\"elementor-container elementor-column-gap-default\">\n\t\t\t\t\t<div class=\"elementor-column elementor-col-100 elementor-top-column elementor-element elementor-element-b6cc7a8\" data-id=\"b6cc7a8\" data-element_type=\"column\">\n\t\t\t<div class=\"elementor-widget-wrap elementor-element-populated\">\n\t\t\t\t\t\t<div class=\"elementor-element elementor-element-12d0b00 elementor-widget elementor-widget-heading\" data-id=\"12d0b00\" data-element_type=\"widget\" data-widget_type=\"heading.default\">\n\t\t\t\t<div class=\"elementor-widget-container\">\n\t\t\t\t\t<h2 class=\"elementor-heading-title elementor-size-default\">\u00c8tica algor\u00edtmica i \u00e8tica period\u00edstica<\/h2>\t\t\t\t<\/div>\n\t\t\t\t<\/div>\n\t\t\t\t<div class=\"elementor-element elementor-element-46eab1c elementor-widget elementor-widget-text-editor\" data-id=\"46eab1c\" data-element_type=\"widget\" data-widget_type=\"text-editor.default\">\n\t\t\t\t<div class=\"elementor-widget-container\">\n\t\t\t\t\t\t\t\t\t<p><span style=\"font-weight: 400;\">La Intel\u00b7lig\u00e8ncia Artificial t\u00e9 cada vegada m\u00e9s incid\u00e8ncia en la creaci\u00f3 de continguts period\u00edstics, aix\u00ed que l&#8217;\u00e8tica de la professi\u00f3 s&#8217;ha d&#8217;aplicar tamb\u00e9 a aquesta eina. De fet, Gabriela Ramos, Subdirectora General de Ci\u00e8ncies Socials i Humanes de la UNESCO considera que &#8220;<\/span><a href=\"https:\/\/www.unesco.org\/es\/artificial-intelligence\/recommendation-ethics\"><span style=\"font-weight: 400;\">en cap altra especialitat necessitem m\u00e9s una &#8220;br\u00faixola \u00e8tica&#8221; que en la intel\u00b7lig\u00e8ncia artificial<\/span><\/a><span style=\"font-weight: 400;\">&#8220;. La pregunta \u00e9s com apliquem l&#8217;\u00e8tica a aquesta tecnologia?<\/span><\/p><p>\u00a0<\/p><p><span style=\"font-weight: 400;\">En primer lloc, la Intel\u00b7lig\u00e8ncia Artificial ha d&#8217;usar-se sempre en benefici del lector, \u00e9s a dir, el seu \u00fas es recomana en els casos en qu\u00e8 contribueix positivament en el periodisme. A m\u00e9s, l&#8217;aprovaci\u00f3 humana del resultat final \u00e9s imprescindible. D&#8217;altra banda, la utilitzaci\u00f3 d&#8217;aquesta eina ha de ser sempre transparent, donant a con\u00e8ixer al lector el seu \u00fas i orientant-la a la millora de la qualitat del producte. A m\u00e9s, la Intel\u00b7lig\u00e8ncia Artificial pot ser molt positiva per a optimitzar l&#8217;efici\u00e8ncia dels processos period\u00edstics, per\u00f2 detalls importants com el respecte pels drets d&#8217;autor no han de deixar-se mai de costat.<\/span><\/p><p><br \/><span style=\"font-weight: 400;\">M\u00e9s enll\u00e0 d&#8217;aquestes recomanacions \u00e8tiques enfocades al periodisme, <\/span><a href=\"https:\/\/www.unesco.org\/es\/artificial-intelligence\/recommendation-ethics\"><span style=\"font-weight: 400;\">la UNESCO va publicar en 2021 la primera norma mundial sobre l&#8217;\u00e8tica de la IA<\/span><\/a><span style=\"font-weight: 400;\">: la &#8220;Recomanaci\u00f3 sobre l&#8217;\u00e8tica de la intel\u00b7lig\u00e8ncia artificial&#8221;. Aquest marc va ser adoptat pels 193 Estats membres i es basa en la protecci\u00f3 dels drets humans i la dignitat.<\/span><\/p>\t\t\t\t\t\t\t\t<\/div>\n\t\t\t\t<\/div>\n\t\t\t\t<div class=\"elementor-element elementor-element-51234b5 elementor-widget elementor-widget-text-editor\" data-id=\"51234b5\" data-element_type=\"widget\" data-widget_type=\"text-editor.default\">\n\t\t\t\t<div class=\"elementor-widget-container\">\n\t\t\t\t\t\t\t\t\t<blockquote><p><span style=\"font-weight: 400;\">&#8220;\u00c9s essencial regular la intel\u00b7lig\u00e8ncia artificial, i que aquestes normes garanteixin que el p\u00fablic accedeixi als molts beneficis d&#8217;aquesta tecnologia&#8221; Sam Altman, cofundador d\u2019OpenIA.<\/span><\/p><\/blockquote>\t\t\t\t\t\t\t\t<\/div>\n\t\t\t\t<\/div>\n\t\t\t\t<div class=\"elementor-element elementor-element-c91abbf elementor-widget elementor-widget-video\" data-id=\"c91abbf\" data-element_type=\"widget\" data-settings=\"{&quot;youtube_url&quot;:&quot;https:\\\/\\\/youtu.be\\\/CkZAcDaPdMQ&quot;,&quot;video_type&quot;:&quot;youtube&quot;,&quot;controls&quot;:&quot;yes&quot;}\" data-widget_type=\"video.default\">\n\t\t\t\t<div class=\"elementor-widget-container\">\n\t\t\t\t\t\t\t<div class=\"elementor-wrapper elementor-open-inline\">\n\t\t\t<div class=\"elementor-video\"><\/div>\t\t<\/div>\n\t\t\t\t\t\t<\/div>\n\t\t\t\t<\/div>\n\t\t\t\t\t<\/div>\n\t\t<\/div>\n\t\t\t\t\t<\/div>\n\t\t<\/section>\n\t\t\t\t<section class=\"elementor-section elementor-top-section elementor-element elementor-element-5fc1e98 elementor-section-boxed elementor-section-height-default elementor-section-height-default\" data-id=\"5fc1e98\" data-element_type=\"section\" data-settings=\"{&quot;jet_parallax_layout_list&quot;:[{&quot;jet_parallax_layout_image&quot;:{&quot;url&quot;:&quot;&quot;,&quot;id&quot;:&quot;&quot;,&quot;size&quot;:&quot;&quot;},&quot;_id&quot;:&quot;34bb8e9&quot;,&quot;jet_parallax_layout_image_tablet&quot;:{&quot;url&quot;:&quot;&quot;,&quot;id&quot;:&quot;&quot;,&quot;size&quot;:&quot;&quot;},&quot;jet_parallax_layout_image_mobile&quot;:{&quot;url&quot;:&quot;&quot;,&quot;id&quot;:&quot;&quot;,&quot;size&quot;:&quot;&quot;},&quot;jet_parallax_layout_speed&quot;:{&quot;unit&quot;:&quot;%&quot;,&quot;size&quot;:50,&quot;sizes&quot;:[]},&quot;jet_parallax_layout_type&quot;:&quot;scroll&quot;,&quot;jet_parallax_layout_direction&quot;:&quot;1&quot;,&quot;jet_parallax_layout_fx_direction&quot;:null,&quot;jet_parallax_layout_z_index&quot;:&quot;&quot;,&quot;jet_parallax_layout_bg_x&quot;:50,&quot;jet_parallax_layout_bg_x_tablet&quot;:&quot;&quot;,&quot;jet_parallax_layout_bg_x_mobile&quot;:&quot;&quot;,&quot;jet_parallax_layout_bg_y&quot;:50,&quot;jet_parallax_layout_bg_y_tablet&quot;:&quot;&quot;,&quot;jet_parallax_layout_bg_y_mobile&quot;:&quot;&quot;,&quot;jet_parallax_layout_bg_size&quot;:&quot;auto&quot;,&quot;jet_parallax_layout_bg_size_tablet&quot;:&quot;&quot;,&quot;jet_parallax_layout_bg_size_mobile&quot;:&quot;&quot;,&quot;jet_parallax_layout_animation_prop&quot;:&quot;transform&quot;,&quot;jet_parallax_layout_on&quot;:[&quot;desktop&quot;,&quot;tablet&quot;]}]}\">\n\t\t\t\t\t\t<div class=\"elementor-container elementor-column-gap-default\">\n\t\t\t\t\t<div class=\"elementor-column elementor-col-100 elementor-top-column elementor-element elementor-element-2f3b988\" data-id=\"2f3b988\" data-element_type=\"column\">\n\t\t\t<div class=\"elementor-widget-wrap elementor-element-populated\">\n\t\t\t\t\t\t<div class=\"elementor-element elementor-element-3e47084 elementor-widget elementor-widget-spacer\" data-id=\"3e47084\" data-element_type=\"widget\" data-widget_type=\"spacer.default\">\n\t\t\t\t<div class=\"elementor-widget-container\">\n\t\t\t\t\t\t\t<div class=\"elementor-spacer\">\n\t\t\t<div class=\"elementor-spacer-inner\"><\/div>\n\t\t<\/div>\n\t\t\t\t\t\t<\/div>\n\t\t\t\t<\/div>\n\t\t\t\t\t<\/div>\n\t\t<\/div>\n\t\t\t\t\t<\/div>\n\t\t<\/section>\n\t\t\t\t<section class=\"elementor-section elementor-top-section elementor-element elementor-element-2d6d7c7 elementor-section-boxed elementor-section-height-default elementor-section-height-default\" data-id=\"2d6d7c7\" data-element_type=\"section\" data-settings=\"{&quot;jet_parallax_layout_list&quot;:[{&quot;jet_parallax_layout_image&quot;:{&quot;url&quot;:&quot;&quot;,&quot;id&quot;:&quot;&quot;,&quot;size&quot;:&quot;&quot;},&quot;_id&quot;:&quot;76cf8ec&quot;,&quot;jet_parallax_layout_image_tablet&quot;:{&quot;url&quot;:&quot;&quot;,&quot;id&quot;:&quot;&quot;,&quot;size&quot;:&quot;&quot;},&quot;jet_parallax_layout_image_mobile&quot;:{&quot;url&quot;:&quot;&quot;,&quot;id&quot;:&quot;&quot;,&quot;size&quot;:&quot;&quot;},&quot;jet_parallax_layout_speed&quot;:{&quot;unit&quot;:&quot;%&quot;,&quot;size&quot;:50,&quot;sizes&quot;:[]},&quot;jet_parallax_layout_type&quot;:&quot;scroll&quot;,&quot;jet_parallax_layout_direction&quot;:&quot;1&quot;,&quot;jet_parallax_layout_fx_direction&quot;:null,&quot;jet_parallax_layout_z_index&quot;:&quot;&quot;,&quot;jet_parallax_layout_bg_x&quot;:50,&quot;jet_parallax_layout_bg_x_tablet&quot;:&quot;&quot;,&quot;jet_parallax_layout_bg_x_mobile&quot;:&quot;&quot;,&quot;jet_parallax_layout_bg_y&quot;:50,&quot;jet_parallax_layout_bg_y_tablet&quot;:&quot;&quot;,&quot;jet_parallax_layout_bg_y_mobile&quot;:&quot;&quot;,&quot;jet_parallax_layout_bg_size&quot;:&quot;auto&quot;,&quot;jet_parallax_layout_bg_size_tablet&quot;:&quot;&quot;,&quot;jet_parallax_layout_bg_size_mobile&quot;:&quot;&quot;,&quot;jet_parallax_layout_animation_prop&quot;:&quot;transform&quot;,&quot;jet_parallax_layout_on&quot;:[&quot;desktop&quot;,&quot;tablet&quot;]}]}\">\n\t\t\t\t\t\t<div class=\"elementor-container elementor-column-gap-default\">\n\t\t\t\t\t<div class=\"elementor-column elementor-col-100 elementor-top-column elementor-element elementor-element-5872260\" data-id=\"5872260\" data-element_type=\"column\">\n\t\t\t<div class=\"elementor-widget-wrap elementor-element-populated\">\n\t\t\t\t\t\t<div class=\"elementor-element elementor-element-16f3d07 elementor-widget elementor-widget-text-editor\" data-id=\"16f3d07\" data-element_type=\"widget\" data-widget_type=\"text-editor.default\">\n\t\t\t\t<div class=\"elementor-widget-container\">\n\t\t\t\t\t\t\t\t\t<h4><span style=\"text-decoration: underline;\"><strong>\u00daltimos posts de MyNews<\/strong><\/span><\/h4>\t\t\t\t\t\t\t\t<\/div>\n\t\t\t\t<\/div>\n\t\t\t\t\t<\/div>\n\t\t<\/div>\n\t\t\t\t\t<\/div>\n\t\t<\/section>\n\t\t\t\t<section class=\"elementor-section elementor-top-section elementor-element elementor-element-1769cbe elementor-section-boxed elementor-section-height-default elementor-section-height-default\" data-id=\"1769cbe\" data-element_type=\"section\" data-settings=\"{&quot;jet_parallax_layout_list&quot;:[{&quot;jet_parallax_layout_image&quot;:{&quot;url&quot;:&quot;&quot;,&quot;id&quot;:&quot;&quot;,&quot;size&quot;:&quot;&quot;},&quot;_id&quot;:&quot;9a963d6&quot;,&quot;jet_parallax_layout_image_tablet&quot;:{&quot;url&quot;:&quot;&quot;,&quot;id&quot;:&quot;&quot;,&quot;size&quot;:&quot;&quot;},&quot;jet_parallax_layout_image_mobile&quot;:{&quot;url&quot;:&quot;&quot;,&quot;id&quot;:&quot;&quot;,&quot;size&quot;:&quot;&quot;},&quot;jet_parallax_layout_speed&quot;:{&quot;unit&quot;:&quot;%&quot;,&quot;size&quot;:50,&quot;sizes&quot;:[]},&quot;jet_parallax_layout_type&quot;:&quot;scroll&quot;,&quot;jet_parallax_layout_direction&quot;:&quot;1&quot;,&quot;jet_parallax_layout_fx_direction&quot;:null,&quot;jet_parallax_layout_z_index&quot;:&quot;&quot;,&quot;jet_parallax_layout_bg_x&quot;:50,&quot;jet_parallax_layout_bg_x_tablet&quot;:&quot;&quot;,&quot;jet_parallax_layout_bg_x_mobile&quot;:&quot;&quot;,&quot;jet_parallax_layout_bg_y&quot;:50,&quot;jet_parallax_layout_bg_y_tablet&quot;:&quot;&quot;,&quot;jet_parallax_layout_bg_y_mobile&quot;:&quot;&quot;,&quot;jet_parallax_layout_bg_size&quot;:&quot;auto&quot;,&quot;jet_parallax_layout_bg_size_tablet&quot;:&quot;&quot;,&quot;jet_parallax_layout_bg_size_mobile&quot;:&quot;&quot;,&quot;jet_parallax_layout_animation_prop&quot;:&quot;transform&quot;,&quot;jet_parallax_layout_on&quot;:[&quot;desktop&quot;,&quot;tablet&quot;]}]}\">\n\t\t\t\t\t\t<div class=\"elementor-container elementor-column-gap-default\">\n\t\t\t\t\t<div class=\"elementor-column elementor-col-100 elementor-top-column elementor-element elementor-element-056dcb1\" data-id=\"056dcb1\" data-element_type=\"column\">\n\t\t\t<div class=\"elementor-widget-wrap elementor-element-populated\">\n\t\t\t\t\t\t<div class=\"elementor-element elementor-element-efd658e elementor-grid-3 elementor-grid-tablet-2 elementor-grid-mobile-1 elementor-posts--thumbnail-top elementor-widget elementor-widget-posts\" data-id=\"efd658e\" data-element_type=\"widget\" data-settings=\"{&quot;classic_columns&quot;:&quot;3&quot;,&quot;classic_columns_tablet&quot;:&quot;2&quot;,&quot;classic_columns_mobile&quot;:&quot;1&quot;,&quot;classic_row_gap&quot;:{&quot;unit&quot;:&quot;px&quot;,&quot;size&quot;:35,&quot;sizes&quot;:[]},&quot;classic_row_gap_tablet&quot;:{&quot;unit&quot;:&quot;px&quot;,&quot;size&quot;:&quot;&quot;,&quot;sizes&quot;:[]},&quot;classic_row_gap_mobile&quot;:{&quot;unit&quot;:&quot;px&quot;,&quot;size&quot;:&quot;&quot;,&quot;sizes&quot;:[]}}\" data-widget_type=\"posts.classic\">\n\t\t\t\t<div class=\"elementor-widget-container\">\n\t\t\t\t\t\t\t<div class=\"elementor-posts-container elementor-posts elementor-posts--skin-classic elementor-grid\" role=\"list\">\n\t\t\t\t<article class=\"elementor-post elementor-grid-item post-22134 post type-post status-publish format-standard has-post-thumbnail hentry category-comunicacion-2 category-entrevistas tag-dircom-ca tag-comunicacion tag-comunicacio-corporativa\" role=\"listitem\">\n\t\t\t\t<a class=\"elementor-post__thumbnail__link\" href=\"https:\/\/mynews.es\/ca\/mydircom-paola-herrera-dircom-museo-legends\/\" tabindex=\"-1\" >\n\t\t\t<div class=\"elementor-post__thumbnail\"><img fetchpriority=\"high\" decoding=\"async\" width=\"259\" height=\"300\" src=\"https:\/\/mynews.es\/wp-content\/uploads\/2025\/03\/MyDircom_PaolaHerrera-259x300.jpg\" class=\"attachment-medium size-medium wp-image-22093\" alt=\"Entrevista MyDircom a Paola Herrera\" srcset=\"https:\/\/mynews.es\/wp-content\/uploads\/2025\/03\/MyDircom_PaolaHerrera-259x300.jpg 259w, https:\/\/mynews.es\/wp-content\/uploads\/2025\/03\/MyDircom_PaolaHerrera-883x1024.jpg 883w, https:\/\/mynews.es\/wp-content\/uploads\/2025\/03\/MyDircom_PaolaHerrera-768x891.jpg 768w, https:\/\/mynews.es\/wp-content\/uploads\/2025\/03\/MyDircom_PaolaHerrera.jpg 1080w\" sizes=\"(max-width: 259px) 100vw, 259px\" \/><\/div>\n\t\t<\/a>\n\t\t\t\t<div class=\"elementor-post__text\">\n\t\t\t\t<h3 class=\"elementor-post__title\">\n\t\t\t<a href=\"https:\/\/mynews.es\/ca\/mydircom-paola-herrera-dircom-museo-legends\/\" >\n\t\t\t\t19\u00ba MyDircom | Paola Herrera, Directora de Comunicaci\u00f3n y Prensa de Legends\t\t\t<\/a>\n\t\t<\/h3>\n\t\t\t\t<\/div>\n\t\t\t\t<\/article>\n\t\t\t\t<article class=\"elementor-post elementor-grid-item post-19957 post type-post status-publish format-standard has-post-thumbnail hentry category-comunicacion-es category-redes-sociales-tendencias tag-medios-de-comunicacion-2 tag-marketing-2 tag-marketing tag-comunicacion-2 tag-comunicacion tag-clipping-2\" role=\"listitem\">\n\t\t\t\t<a class=\"elementor-post__thumbnail__link\" href=\"https:\/\/mynews.es\/ca\/comunicar-sobre-igualtat-sense-caure-en-purplewashing\/\" tabindex=\"-1\" >\n\t\t\t<div class=\"elementor-post__thumbnail\"><img decoding=\"async\" width=\"297\" height=\"300\" src=\"https:\/\/mynews.es\/wp-content\/uploads\/2024\/03\/Infografias-horizontal-1-297x300.jpg\" class=\"attachment-medium size-medium wp-image-22062\" alt=\"Diaris amb titulars de Purplewashing\" srcset=\"https:\/\/mynews.es\/wp-content\/uploads\/2024\/03\/Infografias-horizontal-1-297x300.jpg 297w, https:\/\/mynews.es\/wp-content\/uploads\/2024\/03\/Infografias-horizontal-1-1015x1024.jpg 1015w, https:\/\/mynews.es\/wp-content\/uploads\/2024\/03\/Infografias-horizontal-1-768x775.jpg 768w, https:\/\/mynews.es\/wp-content\/uploads\/2024\/03\/Infografias-horizontal-1.jpg 1070w\" sizes=\"(max-width: 297px) 100vw, 297px\" \/><\/div>\n\t\t<\/a>\n\t\t\t\t<div class=\"elementor-post__text\">\n\t\t\t\t<h3 class=\"elementor-post__title\">\n\t\t\t<a href=\"https:\/\/mynews.es\/ca\/comunicar-sobre-igualtat-sense-caure-en-purplewashing\/\" >\n\t\t\t\tComunicar sobre igualtat sense caure en Purplewashing\t\t\t<\/a>\n\t\t<\/h3>\n\t\t\t\t<\/div>\n\t\t\t\t<\/article>\n\t\t\t\t<article class=\"elementor-post elementor-grid-item post-21969 post type-post status-publish format-standard has-post-thumbnail hentry category-comunicacion-es category-sin-categorizar-es tag-comunicacion tag-comunicacio-digital tag-comunicacio-corporativa\" role=\"listitem\">\n\t\t\t\t<a class=\"elementor-post__thumbnail__link\" href=\"https:\/\/mynews.es\/ca\/claus-comunicacio-ong\/\" tabindex=\"-1\" >\n\t\t\t<div class=\"elementor-post__thumbnail\"><img decoding=\"async\" width=\"300\" height=\"215\" src=\"https:\/\/mynews.es\/wp-content\/uploads\/2025\/02\/comunicacio-ong-300x215.webp\" class=\"attachment-medium size-medium wp-image-21961\" alt=\"Imatge de mans agafant un diari\" srcset=\"https:\/\/mynews.es\/wp-content\/uploads\/2025\/02\/comunicacio-ong-300x215.webp 300w, https:\/\/mynews.es\/wp-content\/uploads\/2025\/02\/comunicacio-ong.webp 650w\" sizes=\"(max-width: 300px) 100vw, 300px\" \/><\/div>\n\t\t<\/a>\n\t\t\t\t<div class=\"elementor-post__text\">\n\t\t\t\t<h3 class=\"elementor-post__title\">\n\t\t\t<a href=\"https:\/\/mynews.es\/ca\/claus-comunicacio-ong\/\" >\n\t\t\t\tClaus de la Comunicaci\u00f3 a les ONG\t\t\t<\/a>\n\t\t<\/h3>\n\t\t\t\t<\/div>\n\t\t\t\t<\/article>\n\t\t\t\t<article class=\"elementor-post elementor-grid-item post-21853 post type-post status-publish format-standard has-post-thumbnail hentry category-analisis-de-medios category-sense-categoria tag-hemeroteca-digital-ca tag-hemeroteca-ca tag-seguiment-de-mitjans tag-comunicacion\" role=\"listitem\">\n\t\t\t\t<a class=\"elementor-post__thumbnail__link\" href=\"https:\/\/mynews.es\/ca\/que-es-una-hemeroteca-digital-i-per-a-que-serveix\/\" tabindex=\"-1\" >\n\t\t\t<div class=\"elementor-post__thumbnail\"><img loading=\"lazy\" decoding=\"async\" width=\"300\" height=\"169\" src=\"https:\/\/mynews.es\/wp-content\/uploads\/2025\/02\/importancia-hemeroteques-digitals-300x169.webp\" class=\"attachment-medium size-medium wp-image-21863\" alt=\"Imatge il lustrativa duna hemeroteca digital\" srcset=\"https:\/\/mynews.es\/wp-content\/uploads\/2025\/02\/importancia-hemeroteques-digitals-300x169.webp 300w, https:\/\/mynews.es\/wp-content\/uploads\/2025\/02\/importancia-hemeroteques-digitals.webp 600w\" sizes=\"(max-width: 300px) 100vw, 300px\" \/><\/div>\n\t\t<\/a>\n\t\t\t\t<div class=\"elementor-post__text\">\n\t\t\t\t<h3 class=\"elementor-post__title\">\n\t\t\t<a href=\"https:\/\/mynews.es\/ca\/que-es-una-hemeroteca-digital-i-per-a-que-serveix\/\" >\n\t\t\t\tQu\u00e8 \u00e9s una hemeroteca digital i per a qu\u00e8 serveix\t\t\t<\/a>\n\t\t<\/h3>\n\t\t\t\t<\/div>\n\t\t\t\t<\/article>\n\t\t\t\t<article class=\"elementor-post elementor-grid-item post-21604 post type-post status-publish format-standard has-post-thumbnail hentry category-entrevistas-es-2\" role=\"listitem\">\n\t\t\t\t<a class=\"elementor-post__thumbnail__link\" href=\"https:\/\/mynews.es\/ca\/18o-mydircom-entrevista-a-laia-brufau-directora-de-comunicacio-i-responsabilitat-social-corporativa\/\" tabindex=\"-1\" >\n\t\t\t<div class=\"elementor-post__thumbnail\"><img loading=\"lazy\" decoding=\"async\" width=\"300\" height=\"232\" src=\"https:\/\/mynews.es\/wp-content\/uploads\/2025\/02\/laiabrufau-300x232.webp\" class=\"attachment-medium size-medium wp-image-21817\" alt=\"\" srcset=\"https:\/\/mynews.es\/wp-content\/uploads\/2025\/02\/laiabrufau-300x232.webp 300w, https:\/\/mynews.es\/wp-content\/uploads\/2025\/02\/laiabrufau.webp 600w\" sizes=\"(max-width: 300px) 100vw, 300px\" \/><\/div>\n\t\t<\/a>\n\t\t\t\t<div class=\"elementor-post__text\">\n\t\t\t\t<h3 class=\"elementor-post__title\">\n\t\t\t<a href=\"https:\/\/mynews.es\/ca\/18o-mydircom-entrevista-a-laia-brufau-directora-de-comunicacio-i-responsabilitat-social-corporativa\/\" >\n\t\t\t\t18\u00ba MyDircom | Laia Brufau, Directora de Comunicaci\u00f3 i RSC de l&#8217;Institut Catal\u00e0 de la Salut\t\t\t<\/a>\n\t\t<\/h3>\n\t\t\t\t<\/div>\n\t\t\t\t<\/article>\n\t\t\t\t<article class=\"elementor-post elementor-grid-item post-21547 post type-post status-publish format-standard has-post-thumbnail hentry category-analisis-de-medios category-comunicacion-2 tag-pressclipping-ca tag-clipping-de-premsa\" role=\"listitem\">\n\t\t\t\t<a class=\"elementor-post__thumbnail__link\" href=\"https:\/\/mynews.es\/ca\/que-es-i-per-a-que-serveix-el-clipping-de-premsa\/\" tabindex=\"-1\" >\n\t\t\t<div class=\"elementor-post__thumbnail\"><img loading=\"lazy\" decoding=\"async\" width=\"300\" height=\"300\" src=\"https:\/\/mynews.es\/wp-content\/uploads\/2025\/02\/clipping-de-premsa-que-ca-300x300.webp\" class=\"attachment-medium size-medium wp-image-21754\" alt=\"Imatge d un ordinador sobre una taula\" srcset=\"https:\/\/mynews.es\/wp-content\/uploads\/2025\/02\/clipping-de-premsa-que-ca-300x300.webp 300w, https:\/\/mynews.es\/wp-content\/uploads\/2025\/02\/clipping-de-premsa-que-ca-150x150.webp 150w, https:\/\/mynews.es\/wp-content\/uploads\/2025\/02\/clipping-de-premsa-que-ca.webp 600w\" sizes=\"(max-width: 300px) 100vw, 300px\" \/><\/div>\n\t\t<\/a>\n\t\t\t\t<div class=\"elementor-post__text\">\n\t\t\t\t<h3 class=\"elementor-post__title\">\n\t\t\t<a href=\"https:\/\/mynews.es\/ca\/que-es-i-per-a-que-serveix-el-clipping-de-premsa\/\" >\n\t\t\t\tQu\u00e8 \u00e9s i per a qu\u00e8 serveix el clipping de premsa?\t\t\t<\/a>\n\t\t<\/h3>\n\t\t\t\t<\/div>\n\t\t\t\t<\/article>\n\t\t\t\t<\/div>\n\t\t\n\t\t\t\t\t\t<\/div>\n\t\t\t\t<\/div>\n\t\t\t\t\t<\/div>\n\t\t<\/div>\n\t\t\t\t\t<\/div>\n\t\t<\/section>\n\t\t\t\t<\/div>\n\t\t","protected":false},"excerpt":{"rendered":"<p>En la era digital, la generaci\u00f3n de contenido se ha convertido en un componente esencial de cualquier estrategia de marketing y comunicaci\u00f3n. Las empresas y los profesionales de los medios buscan constantemente formas efectivas de crear contenido que atraiga a su audiencia y les permita destacarse en un mercado saturado. Una de las estrategias que ha cobrado relevancia en los \u00faltimos a\u00f1os es el &#8220;clipping&#8221; como fuente de generaci\u00f3n de contenido relevante. En este art\u00edculo, exploraremos qu\u00e9 es el clipping, c\u00f3mo se utiliza para generar contenido de calidad y los beneficios que puede aportar a tu estrategia de contenido.<\/p>\n","protected":false},"author":4,"featured_media":18462,"comment_status":"closed","ping_status":"closed","sticky":false,"template":"","format":"standard","meta":{"_acf_changed":false,"footnotes":"","_elementor_edit_mode":"builder","_elementor_template_type":"wp-post","_elementor_data":"[{\"id\":\"42413ad\",\"elType\":\"section\",\"settings\":{\"jet_parallax_layout_list\":[{\"jet_parallax_layout_image\":{\"url\":\"\"},\"_id\":\"9334add\"}]},\"elements\":[{\"id\":\"4b8e413\",\"elType\":\"column\",\"settings\":{\"_column_size\":100,\"_inline_size\":null},\"elements\":[{\"id\":\"254d00f\",\"elType\":\"widget\",\"settings\":{\"editor\":\"<h4><span style=\\\"text-decoration: underline;\\\"><span style=\\\"font-weight: 400;\\\">Quin impacte t\\u00e9 la Intel\\u00b7lig\\u00e8ncia Artificial en el periodisme? \\u00c9s possible utilitzar la IA d'acord amb l'\\u00e8tica period\\u00edstica? \\u00c9s la IA una eina \\u00fatil contra la desinformaci\\u00f3? Aquestes i moltes altres inc\\u00f2gnites es van plantejar durant la formaci\\u00f3.<\\\/span><br \\\/><\\\/span><\\\/h4>\",\"align\":\"justify\",\"text_color\":\"#68BBCA\"},\"elements\":[],\"widgetType\":\"text-editor\"}],\"isInner\":false}],\"isInner\":false},{\"id\":\"fa2a1be\",\"elType\":\"section\",\"settings\":{\"jet_parallax_layout_list\":[{\"jet_parallax_layout_image\":{\"url\":\"\"},\"_id\":\"fc8a13f\"}]},\"elements\":[{\"id\":\"a177b0c\",\"elType\":\"column\",\"settings\":{\"_column_size\":100,\"_inline_size\":null},\"elements\":[{\"id\":\"5972049\",\"elType\":\"section\",\"settings\":{\"jet_parallax_layout_list\":[{\"jet_parallax_layout_image\":{\"url\":\"\"},\"_id\":\"4fe0b62\"}],\"structure\":\"20\"},\"elements\":[{\"id\":\"f4cecef\",\"elType\":\"column\",\"settings\":{\"_column_size\":50,\"_inline_size\":55.636,\"margin\":{\"unit\":\"px\",\"top\":\"0\",\"right\":\"0\",\"bottom\":\"0\",\"left\":\"0\",\"isLinked\":true},\"padding\":{\"unit\":\"px\",\"top\":\"0\",\"right\":\"0\",\"bottom\":\"0\",\"left\":\"0\",\"isLinked\":true}},\"elements\":[{\"id\":\"e7d9b57\",\"elType\":\"widget\",\"settings\":{\"editor\":\"<p><span style=\\\"font-weight: 400;\\\">El passat 28 de setembre, MyNews va unir al Col\\u00b7legi de Periodistes de Catalunya i a la periodista Susana P\\u00e9rez-Soler en una formaci\\u00f3 entorn de la Intel\\u00b7lig\\u00e8ncia Artificial i la seva aplicaci\\u00f3 en els mitjans de comunicaci\\u00f3. Susana P\\u00e9rez-Soler, especialista en periodisme digital i autora del llibre \\\"Periodisme i xarxes socials. Claus per a la gesti\\u00f3 de continguts digitals\\\", va impartir una sessi\\u00f3 en la qual va reflexionar sobre l'\\u00fas de les eines d'Intel\\u00b7lig\\u00e8ncia Artificial en el periodisme, l'\\u00e8tica period\\u00edstica i les oportunitats i inc\\u00f2gnites que es plantegen en els mitjans de comunicaci\\u00f3.<\\\/span><\\\/p>\",\"align\":\"justify\",\"__globals__\":{\"text_color\":\"globals\\\/colors?id=accent\"}},\"elements\":[],\"widgetType\":\"text-editor\"},{\"id\":\"7f0f43e\",\"elType\":\"widget\",\"settings\":{\"editor\":\"<blockquote><p><span style=\\\"font-weight: 400;\\\">\\\"Com m\\u00e9s Intel\\u00b7lig\\u00e8ncia Artificial, m\\u00e9s periodisme\\\", Susana P\\u00e9rez Soler, periodista Col\\u00b7legi de Periodistes de Catalunya.<\\\/span><\\\/p><\\\/blockquote>\",\"align\":\"justify\",\"text_color\":\"#328396\"},\"elements\":[],\"widgetType\":\"text-editor\"}],\"isInner\":true},{\"id\":\"0227860\",\"elType\":\"column\",\"settings\":{\"_column_size\":50,\"_inline_size\":44.319},\"elements\":[{\"id\":\"6ea9533\",\"elType\":\"widget\",\"settings\":{\"image\":{\"url\":\"https:\\\/\\\/mynews.es\\\/wp-content\\\/uploads\\\/2023\\\/12\\\/EventoIA_1.jpg\",\"id\":15956},\"caption\":\"\"},\"elements\":[],\"widgetType\":\"image\"}],\"isInner\":true}],\"isInner\":true}],\"isInner\":false}],\"isInner\":false},{\"id\":\"9b5e6f3\",\"elType\":\"section\",\"settings\":{\"jet_parallax_layout_list\":[{\"jet_parallax_layout_image\":{\"url\":\"\"},\"_id\":\"fc8a13f\"}]},\"elements\":[{\"id\":\"b59dd32\",\"elType\":\"column\",\"settings\":{\"_column_size\":100,\"_inline_size\":null},\"elements\":[{\"id\":\"ff2e3a8\",\"elType\":\"widget\",\"settings\":{\"title\":\"Conceptualitzant la Intel\\u00b7lig\\u00e8ncia Artificial. IA Feble vs IA Fort\",\"align\":\"justify\",\"typography_typography\":\"custom\",\"typography_font_family\":\"DM Sans\",\"typography_font_size\":{\"unit\":\"px\",\"size\":20,\"sizes\":[]},\"typography_font_weight\":\"600\",\"__globals__\":{\"title_color\":\"\"},\"title_color\":\"#073D55\"},\"elements\":[],\"widgetType\":\"heading\"},{\"id\":\"897d365\",\"elType\":\"widget\",\"settings\":{\"editor\":\"<p><span style=\\\"font-weight: 400;\\\">La Intel\\u00b7lig\\u00e8ncia Artificial es defineix <\\\/span><a href=\\\"https:\\\/\\\/planderecuperacion.gob.es\\\/noticias\\\/que-es-inteligencia-artificial-ia-prtr\\\"><span style=\\\"font-weight: 400;\\\">segons la Comissi\\u00f3 Europea<\\\/span><\\\/a><span style=\\\"font-weight: 400;\\\"> com un conjunt de sistemes de programari dissenyat per humans que actuen en la dimensi\\u00f3 f\\u00edsica o digital davant un objectiu complex. Tenen la capacitat de percebre el seu entorn interpretant dades m\\u00e9s o menys estructurades i fer servir dades i informaci\\u00f3 per a raonar sobre el coneixement.<\\\/span><\\\/p><p><a href=\\\"https:\\\/\\\/planderecuperacion.gob.es\\\/noticias\\\/que-es-inteligencia-artificial-ia-prtr\\\"><span style=\\\"font-weight: 400;\\\">D'acord amb el govern espanyol<\\\/span><\\\/a><span style=\\\"font-weight: 400;\\\">, \\\"La intel\\u00b7lig\\u00e8ncia artificial (IA) \\u00e9s un camp de la inform\\u00e0tica que s'enfoca a crear sistemes que puguin fer tasques que normalment requereixen intel\\u00b7lig\\u00e8ncia humana, com l'aprenentatge, el raonament i la percepci\\u00f3.\\\"<\\\/span><\\\/p><p><br \\\/><a href=\\\"https:\\\/\\\/www.bigdata-social.com\\\/inteligencia-artificial-debil-y-fuerte-fundamentos-de-la-ia\\\/\\\"><span style=\\\"font-weight: 400;\\\">La Intel\\u00b7lig\\u00e8ncia Artificial pot ser feble o forta<\\\/span><\\\/a><span style=\\\"font-weight: 400;\\\"> segons l'\\u00fas que se li doni i les capacitats que tingui l'eina: La IA feble \\u00e9s un sistema orientat a resoldre problemes concrets i delimitats, alguna cosa que les m\\u00e0quines aprenen a fer a trav\\u00e9s de patrons i tend\\u00e8ncies repetitives gr\\u00e0cies a algorismes que programem els humans. Com a exemple d\\u2019IA feble es podrien destacar els detectors d'spam en els correus electr\\u00f2nics, els assistents virtuals o els sistemes de reconeixement de veu. En canvi, entenem com IA fort un sistema m\\u00e9s complex, que \\u00e9s capa\\u00e7 d'abordar decisions de manera \\\"proactiva, deductiva i conscient\\\". Els sistemes d'aprenentatge autom\\u00e0tic avan\\u00e7at, que reconeixen dades i poden prendre decisions aut\\u00f2nomes, serien un exemple d\\u2019IA fort, que encara est\\u00e0 en desenvolupament i expansi\\u00f3.<\\\/span><\\\/p>\",\"align\":\"justify\",\"text_color\":\"#073D55\"},\"elements\":[],\"widgetType\":\"text-editor\"}],\"isInner\":false}],\"isInner\":false},{\"id\":\"063c3e8\",\"elType\":\"section\",\"settings\":{\"jet_parallax_layout_list\":[{\"jet_parallax_layout_image\":{\"url\":\"\"},\"_id\":\"fc8a13f\"}]},\"elements\":[{\"id\":\"b09f38f\",\"elType\":\"column\",\"settings\":{\"_column_size\":100,\"_inline_size\":null},\"elements\":[{\"id\":\"94603e4\",\"elType\":\"widget\",\"settings\":{\"title\":\" \\\"Com m\\u00e9s Intel\\u00b7lig\\u00e8ncia Artificial, m\\u00e9s periodisme\\\"\",\"align\":\"justify\",\"typography_typography\":\"custom\",\"typography_font_family\":\"DM Sans\",\"typography_font_size\":{\"unit\":\"px\",\"size\":20,\"sizes\":[]},\"typography_font_weight\":\"600\",\"__globals__\":{\"title_color\":\"\"},\"title_color\":\"#073D55\"},\"elements\":[],\"widgetType\":\"heading\"},{\"id\":\"7dc9a7d\",\"elType\":\"widget\",\"settings\":{\"editor\":\"<p><span style=\\\"font-weight: 400;\\\">La Intel\\u00b7lig\\u00e8ncia Artificial t\\u00e9 un important impacte en els mitjans de comunicaci\\u00f3 i en la tasca del periodista. Observatorio Nacional de Tecnologia y Sociedad (ONTSI) en el seu informe \\\"<\\\/span><a href=\\\"https:\\\/\\\/www.ontsi.es\\\/es\\\/publicaciones\\\/uso-de-inteligencia-artificial-y-big-data-en-las-empresas-espanolas\\\"><span style=\\\"font-weight: 400;\\\">Uso de inteligencia artificial y big data en empresas espa\\u00f1olas<\\\/span><\\\/a><span style=\\\"font-weight: 400;\\\">\\u201d ja assenyalava que, en 2021, les empreses d'informaci\\u00f3 i comunicacions eren ja les que m\\u00e9s usaven l\\u2019 IA dins del sector empresarial espanyol.<\\\/span><\\\/p>\",\"align\":\"justify\",\"text_color\":\"#073D55\"},\"elements\":[],\"widgetType\":\"text-editor\"},{\"id\":\"f52d80b\",\"elType\":\"section\",\"settings\":{\"jet_parallax_layout_list\":[{\"jet_parallax_layout_image\":{\"url\":\"\"},\"_id\":\"4fe0b62\"}],\"structure\":\"20\"},\"elements\":[{\"id\":\"ec6beac\",\"elType\":\"column\",\"settings\":{\"_column_size\":50,\"_inline_size\":55.818,\"margin\":{\"unit\":\"px\",\"top\":\"0\",\"right\":\"0\",\"bottom\":\"0\",\"left\":\"0\",\"isLinked\":true},\"padding\":{\"unit\":\"px\",\"top\":\"0\",\"right\":\"0\",\"bottom\":\"0\",\"left\":\"0\",\"isLinked\":true}},\"elements\":[{\"id\":\"e54af1f\",\"elType\":\"widget\",\"settings\":{\"editor\":\"<p><span style=\\\"font-weight: 400;\\\">Nombroses eines d\\u2019 IA faciliten la generaci\\u00f3 de contingut, i \\u00e9s justament en aquesta q\\u00fcesti\\u00f3 en la qual es planteja l'amena\\u00e7a de l\\u2019IA en les professions relacionades amb la comunicaci\\u00f3: \\u00c9s una amena\\u00e7a l\\u2019IA per al periodisme? S'eliminaran llocs de treball per a donar pas a la generaci\\u00f3 de contingut a trav\\u00e9s de l\\u2019IA?<\\\/span><\\\/p><p>\\u00a0<\\\/p><p><b>Susana P\\u00e9rez-Soler ens va aportar una visi\\u00f3 positivista de la Intel\\u00b7lig\\u00e8ncia Artificial en relaci\\u00f3 amb el periodisme: \\\"Com m\\u00e9s Intel\\u00b7lig\\u00e8ncia Artificial, m\\u00e9s periodisme\\\". <\\\/b><span style=\\\"font-weight: 400;\\\">Durant la formaci\\u00f3, Susana P\\u00e9rez-Soler ens va recordar les oportunitats que la Intel\\u00b7lig\\u00e8ncia Artificial com a eina period\\u00edstica ens pot aportar. Entre elles trobem la gran capacitat d'automatitzaci\\u00f3 de tasques, la rapidesa anal\\u00edtica o l'oportunitat d'investigar amb m\\u00e9s profunditat. Potenciar el SEU o detectar fake news s\\u00f3n tasques que tamb\\u00e9 es poden arribar a automatitzar amb la Intel\\u00b7lig\\u00e8ncia Artificial.<\\\/span><\\\/p><p>\\u00a0<\\\/p><p><span style=\\\"font-weight: 400;\\\">Aix\\u00ed i tot, cal recordar que la r\\u00e0pida entrada d'aquesta tecnologia a les redaccions period\\u00edstiques suposa diferents reptes, i que els periodistes sempre s\\u00f3n necessaris per a donar sentit a la informaci\\u00f3 i proporcionar un context complet a l'audi\\u00e8ncia. Susana ens va recordar que ja existeixen professions nascudes gr\\u00e0cies a l\\u2019IA. El lloc d'edici\\u00f3 de contingut period\\u00edstic generat per IA \\u00e9s un exemple que \\u00e9s present ja en moltes redaccions.<\\\/span><\\\/p>\",\"align\":\"justify\",\"text_color\":\"#073D55\"},\"elements\":[],\"widgetType\":\"text-editor\"}],\"isInner\":true},{\"id\":\"bc84796\",\"elType\":\"column\",\"settings\":{\"_column_size\":50,\"_inline_size\":44.137},\"elements\":[{\"id\":\"71bd8c5\",\"elType\":\"widget\",\"settings\":{\"image\":{\"url\":\"https:\\\/\\\/mynews.es\\\/wp-content\\\/uploads\\\/2023\\\/12\\\/EventoIA_2.jpg\",\"id\":15954},\"caption\":\"\"},\"elements\":[],\"widgetType\":\"image\"}],\"isInner\":true}],\"isInner\":true}],\"isInner\":false}],\"isInner\":false},{\"id\":\"a62f222\",\"elType\":\"section\",\"settings\":{\"jet_parallax_layout_list\":[{\"jet_parallax_layout_image\":{\"url\":\"\"},\"_id\":\"fc8a13f\"}]},\"elements\":[{\"id\":\"b6cc7a8\",\"elType\":\"column\",\"settings\":{\"_column_size\":100,\"_inline_size\":null},\"elements\":[{\"id\":\"12d0b00\",\"elType\":\"widget\",\"settings\":{\"title\":\"\\u00c8tica algor\\u00edtmica i \\u00e8tica period\\u00edstica\",\"align\":\"justify\",\"typography_typography\":\"custom\",\"typography_font_family\":\"DM Sans\",\"typography_font_size\":{\"unit\":\"px\",\"size\":20,\"sizes\":[]},\"typography_font_weight\":\"600\",\"__globals__\":{\"title_color\":\"\"},\"title_color\":\"#073D55\"},\"elements\":[],\"widgetType\":\"heading\"},{\"id\":\"46eab1c\",\"elType\":\"widget\",\"settings\":{\"editor\":\"<p><span style=\\\"font-weight: 400;\\\">La Intel\\u00b7lig\\u00e8ncia Artificial t\\u00e9 cada vegada m\\u00e9s incid\\u00e8ncia en la creaci\\u00f3 de continguts period\\u00edstics, aix\\u00ed que l'\\u00e8tica de la professi\\u00f3 s'ha d'aplicar tamb\\u00e9 a aquesta eina. De fet, Gabriela Ramos, Subdirectora General de Ci\\u00e8ncies Socials i Humanes de la UNESCO considera que \\\"<\\\/span><a href=\\\"https:\\\/\\\/www.unesco.org\\\/es\\\/artificial-intelligence\\\/recommendation-ethics\\\"><span style=\\\"font-weight: 400;\\\">en cap altra especialitat necessitem m\\u00e9s una \\\"br\\u00faixola \\u00e8tica\\\" que en la intel\\u00b7lig\\u00e8ncia artificial<\\\/span><\\\/a><span style=\\\"font-weight: 400;\\\">\\\". La pregunta \\u00e9s com apliquem l'\\u00e8tica a aquesta tecnologia?<\\\/span><\\\/p><p>\\u00a0<\\\/p><p><span style=\\\"font-weight: 400;\\\">En primer lloc, la Intel\\u00b7lig\\u00e8ncia Artificial ha d'usar-se sempre en benefici del lector, \\u00e9s a dir, el seu \\u00fas es recomana en els casos en qu\\u00e8 contribueix positivament en el periodisme. A m\\u00e9s, l'aprovaci\\u00f3 humana del resultat final \\u00e9s imprescindible. D'altra banda, la utilitzaci\\u00f3 d'aquesta eina ha de ser sempre transparent, donant a con\\u00e8ixer al lector el seu \\u00fas i orientant-la a la millora de la qualitat del producte. A m\\u00e9s, la Intel\\u00b7lig\\u00e8ncia Artificial pot ser molt positiva per a optimitzar l'efici\\u00e8ncia dels processos period\\u00edstics, per\\u00f2 detalls importants com el respecte pels drets d'autor no han de deixar-se mai de costat.<\\\/span><\\\/p><p><br \\\/><span style=\\\"font-weight: 400;\\\">M\\u00e9s enll\\u00e0 d'aquestes recomanacions \\u00e8tiques enfocades al periodisme, <\\\/span><a href=\\\"https:\\\/\\\/www.unesco.org\\\/es\\\/artificial-intelligence\\\/recommendation-ethics\\\"><span style=\\\"font-weight: 400;\\\">la UNESCO va publicar en 2021 la primera norma mundial sobre l'\\u00e8tica de la IA<\\\/span><\\\/a><span style=\\\"font-weight: 400;\\\">: la \\\"Recomanaci\\u00f3 sobre l'\\u00e8tica de la intel\\u00b7lig\\u00e8ncia artificial\\\". Aquest marc va ser adoptat pels 193 Estats membres i es basa en la protecci\\u00f3 dels drets humans i la dignitat.<\\\/span><\\\/p>\",\"align\":\"justify\",\"text_color\":\"#073D55\"},\"elements\":[],\"widgetType\":\"text-editor\"},{\"id\":\"51234b5\",\"elType\":\"widget\",\"settings\":{\"editor\":\"<blockquote><p><span style=\\\"font-weight: 400;\\\">\\\"\\u00c9s essencial regular la intel\\u00b7lig\\u00e8ncia artificial, i que aquestes normes garanteixin que el p\\u00fablic accedeixi als molts beneficis d'aquesta tecnologia\\\" Sam Altman, cofundador d\\u2019OpenIA.<\\\/span><\\\/p><\\\/blockquote>\",\"align\":\"justify\",\"text_color\":\"#328396\"},\"elements\":[],\"widgetType\":\"text-editor\"},{\"id\":\"c91abbf\",\"elType\":\"widget\",\"settings\":{\"youtube_url\":\"https:\\\/\\\/youtu.be\\\/CkZAcDaPdMQ\",\"vimeo_url\":\"https:\\\/\\\/vimeo.com\\\/235215203\",\"dailymotion_url\":\"https:\\\/\\\/www.dailymotion.com\\\/video\\\/x6tqhqb\"},\"elements\":[],\"widgetType\":\"video\"}],\"isInner\":false}],\"isInner\":false},{\"id\":\"5fc1e98\",\"elType\":\"section\",\"settings\":{\"jet_parallax_layout_list\":[{\"jet_parallax_layout_image\":{\"url\":\"\"},\"_id\":\"34bb8e9\"}]},\"elements\":[{\"id\":\"2f3b988\",\"elType\":\"column\",\"settings\":{\"_column_size\":100,\"_inline_size\":null},\"elements\":[{\"id\":\"3e47084\",\"elType\":\"widget\",\"settings\":[],\"elements\":[],\"widgetType\":\"spacer\"}],\"isInner\":false}],\"isInner\":false},{\"id\":\"2d6d7c7\",\"elType\":\"section\",\"settings\":{\"jet_parallax_layout_list\":[{\"jet_parallax_layout_image\":{\"url\":\"\"},\"_id\":\"76cf8ec\"}]},\"elements\":[{\"id\":\"5872260\",\"elType\":\"column\",\"settings\":{\"_column_size\":100,\"_inline_size\":null},\"elements\":[{\"id\":\"16f3d07\",\"elType\":\"widget\",\"settings\":{\"editor\":\"<h4><span style=\\\"text-decoration: underline;\\\"><strong>\\u00daltimos posts de MyNews<\\\/strong><\\\/span><\\\/h4>\",\"align\":\"justify\",\"text_color\":\"#073D55\"},\"elements\":[],\"widgetType\":\"text-editor\"}],\"isInner\":false}],\"isInner\":false},{\"id\":\"1769cbe\",\"elType\":\"section\",\"settings\":{\"jet_parallax_layout_list\":[{\"jet_parallax_layout_image\":{\"url\":\"\"},\"_id\":\"9a963d6\"}]},\"elements\":[{\"id\":\"056dcb1\",\"elType\":\"column\",\"settings\":{\"_column_size\":100,\"_inline_size\":null},\"elements\":[{\"id\":\"efd658e\",\"elType\":\"widget\",\"settings\":{\"classic_show_excerpt\":\"\",\"classic_meta_data\":[],\"classic_meta_separator\":\"\\\/\\\/\\\/\",\"classic_show_read_more\":\"\",\"classic_read_more_text\":\"Leer m\\u00e1s \\u00bb\",\"cards_meta_separator\":\"\\u2022\",\"cards_read_more_text\":\"Leer m\\u00e1s \\u00bb\",\"full_content_meta_separator\":\"\\\/\\\/\\\/\",\"pagination_page_limit\":\"5\",\"pagination_prev_label\":\"&laquo; Anterior\",\"pagination_next_label\":\"Siguiente &raquo;\"},\"elements\":[],\"widgetType\":\"posts\"}],\"isInner\":false}],\"isInner\":false}]","_elementor_page_settings":null,"_elementor_conditions":[]},"categories":[17,248],"tags":[15,35,36,251,253,405,406,846],"class_list":["post-18459","post","type-post","status-publish","format-standard","has-post-thumbnail","hentry","category-xarxes-socials-i-tendencies","category-redes-sociales-tendencias","tag-comunicacion","tag-marketing","tag-futuro","tag-comunicacion-2","tag-marketing-2","tag-futuro-3","tag-tecnologia-3","tag-tecnologia-ca"],"acf":[],"yoast_head":"<!-- This site is optimized with the Yoast SEO plugin v26.7 - https:\/\/yoast.com\/wordpress\/plugins\/seo\/ -->\n<title>Intel\u00b7lig\u00e8ncia Artificial aplicada als mitjans de comunicaci\u00f3 - My News<\/title>\n<meta name=\"description\" content=\"Descobreix l&#039;impacte, l&#039;\u00e8tica i el futur de la IA. Susana P\u00e9rez-Soler i el Col\u00b7legi de Periodistes de Catalunya analitzen l&#039;\u00fas \u00e8tic, l&#039;automatitzaci\u00f3 i els reptes d&#039;aquesta formaci\u00f3 sobre IA en mitjans de comunicaci\u00f3.\" \/>\n<meta name=\"robots\" content=\"index, follow, max-snippet:-1, max-image-preview:large, max-video-preview:-1\" \/>\n<link rel=\"canonical\" href=\"https:\/\/mynews.es\/ca\/inteligencia-artificial-aplicada-als-mitjans-de-comunicacio\/\" \/>\n<meta property=\"og:locale\" content=\"ca_ES\" \/>\n<meta property=\"og:type\" content=\"article\" \/>\n<meta property=\"og:title\" content=\"Intel\u00b7lig\u00e8ncia Artificial aplicada als mitjans de comunicaci\u00f3 - My News\" \/>\n<meta property=\"og:description\" content=\"Descobreix l&#039;impacte, l&#039;\u00e8tica i el futur de la IA. Susana P\u00e9rez-Soler i el Col\u00b7legi de Periodistes de Catalunya analitzen l&#039;\u00fas \u00e8tic, l&#039;automatitzaci\u00f3 i els reptes d&#039;aquesta formaci\u00f3 sobre IA en mitjans de comunicaci\u00f3.\" \/>\n<meta property=\"og:url\" content=\"https:\/\/mynews.es\/ca\/inteligencia-artificial-aplicada-als-mitjans-de-comunicacio\/\" \/>\n<meta property=\"og:site_name\" content=\"My News\" \/>\n<meta property=\"article:published_time\" content=\"2023-12-11T16:52:20+00:00\" \/>\n<meta property=\"article:modified_time\" content=\"2024-01-11T08:12:48+00:00\" \/>\n<meta property=\"og:image\" content=\"https:\/\/mynews.es\/wp-content\/uploads\/2023\/12\/EventoIA_Portada_cat.jpg\" \/>\n\t<meta property=\"og:image:width\" content=\"1654\" \/>\n\t<meta property=\"og:image:height\" content=\"1654\" \/>\n\t<meta property=\"og:image:type\" content=\"image\/jpeg\" \/>\n<meta name=\"author\" content=\"HILLPLANET\" \/>\n<meta name=\"twitter:card\" content=\"summary_large_image\" \/>\n<meta name=\"twitter:creator\" content=\"@MyNews_es\" \/>\n<meta name=\"twitter:site\" content=\"@MyNews_es\" \/>\n<meta name=\"twitter:label1\" content=\"Escrit per\" \/>\n\t<meta name=\"twitter:data1\" content=\"HILLPLANET\" \/>\n\t<meta name=\"twitter:label2\" content=\"Temps estimat de lectura\" \/>\n\t<meta name=\"twitter:data2\" content=\"5 minuts\" \/>\n<script type=\"application\/ld+json\" class=\"yoast-schema-graph\">{\"@context\":\"https:\/\/schema.org\",\"@graph\":[{\"@type\":\"Article\",\"@id\":\"https:\/\/mynews.es\/ca\/inteligencia-artificial-aplicada-als-mitjans-de-comunicacio\/#article\",\"isPartOf\":{\"@id\":\"https:\/\/mynews.es\/ca\/inteligencia-artificial-aplicada-als-mitjans-de-comunicacio\/\"},\"author\":{\"name\":\"HILLPLANET\",\"@id\":\"https:\/\/mynews.es\/#\/schema\/person\/0741dbbae9b4c5fc6206172e9d5688ef\"},\"headline\":\"Intel\u00b7lig\u00e8ncia Artificial aplicada als mitjans de comunicaci\u00f3\",\"datePublished\":\"2023-12-11T16:52:20+00:00\",\"dateModified\":\"2024-01-11T08:12:48+00:00\",\"mainEntityOfPage\":{\"@id\":\"https:\/\/mynews.es\/ca\/inteligencia-artificial-aplicada-als-mitjans-de-comunicacio\/\"},\"wordCount\":1025,\"publisher\":{\"@id\":\"https:\/\/mynews.es\/#organization\"},\"image\":{\"@id\":\"https:\/\/mynews.es\/ca\/inteligencia-artificial-aplicada-als-mitjans-de-comunicacio\/#primaryimage\"},\"thumbnailUrl\":\"https:\/\/mynews.es\/wp-content\/uploads\/2023\/12\/EventoIA_Portada_cat.jpg\",\"keywords\":[\"Comunicaci\u00f3n\",\"marketing\",\"Futuro\",\"Comunicaci\u00f3n\",\"marketing\",\"Futuro\",\"Tecnolog\u00eda\",\"Tecnologia CA\"],\"articleSection\":[\"Tend\u00e8ncies i XXSS\",\"Tendencias y RRSS\"],\"inLanguage\":\"ca\"},{\"@type\":\"WebPage\",\"@id\":\"https:\/\/mynews.es\/ca\/inteligencia-artificial-aplicada-als-mitjans-de-comunicacio\/\",\"url\":\"https:\/\/mynews.es\/ca\/inteligencia-artificial-aplicada-als-mitjans-de-comunicacio\/\",\"name\":\"Intel\u00b7lig\u00e8ncia Artificial aplicada als mitjans de comunicaci\u00f3 - My News\",\"isPartOf\":{\"@id\":\"https:\/\/mynews.es\/#website\"},\"primaryImageOfPage\":{\"@id\":\"https:\/\/mynews.es\/ca\/inteligencia-artificial-aplicada-als-mitjans-de-comunicacio\/#primaryimage\"},\"image\":{\"@id\":\"https:\/\/mynews.es\/ca\/inteligencia-artificial-aplicada-als-mitjans-de-comunicacio\/#primaryimage\"},\"thumbnailUrl\":\"https:\/\/mynews.es\/wp-content\/uploads\/2023\/12\/EventoIA_Portada_cat.jpg\",\"datePublished\":\"2023-12-11T16:52:20+00:00\",\"dateModified\":\"2024-01-11T08:12:48+00:00\",\"description\":\"Descobreix l'impacte, l'\u00e8tica i el futur de la IA. Susana P\u00e9rez-Soler i el Col\u00b7legi de Periodistes de Catalunya analitzen l'\u00fas \u00e8tic, l'automatitzaci\u00f3 i els reptes d'aquesta formaci\u00f3 sobre IA en mitjans de comunicaci\u00f3.\",\"breadcrumb\":{\"@id\":\"https:\/\/mynews.es\/ca\/inteligencia-artificial-aplicada-als-mitjans-de-comunicacio\/#breadcrumb\"},\"inLanguage\":\"ca\",\"potentialAction\":[{\"@type\":\"ReadAction\",\"target\":[\"https:\/\/mynews.es\/ca\/inteligencia-artificial-aplicada-als-mitjans-de-comunicacio\/\"]}]},{\"@type\":\"ImageObject\",\"inLanguage\":\"ca\",\"@id\":\"https:\/\/mynews.es\/ca\/inteligencia-artificial-aplicada-als-mitjans-de-comunicacio\/#primaryimage\",\"url\":\"https:\/\/mynews.es\/wp-content\/uploads\/2023\/12\/EventoIA_Portada_cat.jpg\",\"contentUrl\":\"https:\/\/mynews.es\/wp-content\/uploads\/2023\/12\/EventoIA_Portada_cat.jpg\",\"width\":1654,\"height\":1654},{\"@type\":\"BreadcrumbList\",\"@id\":\"https:\/\/mynews.es\/ca\/inteligencia-artificial-aplicada-als-mitjans-de-comunicacio\/#breadcrumb\",\"itemListElement\":[{\"@type\":\"ListItem\",\"position\":1,\"name\":\"Portada\",\"item\":\"https:\/\/mynews.es\/ca\/\"},{\"@type\":\"ListItem\",\"position\":2,\"name\":\"Intel\u00b7lig\u00e8ncia Artificial aplicada als mitjans de comunicaci\u00f3\"}]},{\"@type\":\"WebSite\",\"@id\":\"https:\/\/mynews.es\/#website\",\"url\":\"https:\/\/mynews.es\/\",\"name\":\"My News\",\"description\":\"\",\"publisher\":{\"@id\":\"https:\/\/mynews.es\/#organization\"},\"alternateName\":\"MyNews\",\"potentialAction\":[{\"@type\":\"SearchAction\",\"target\":{\"@type\":\"EntryPoint\",\"urlTemplate\":\"https:\/\/mynews.es\/?s={search_term_string}\"},\"query-input\":{\"@type\":\"PropertyValueSpecification\",\"valueRequired\":true,\"valueName\":\"search_term_string\"}}],\"inLanguage\":\"ca\"},{\"@type\":\"Organization\",\"@id\":\"https:\/\/mynews.es\/#organization\",\"name\":\"My News\",\"url\":\"https:\/\/mynews.es\/\",\"logo\":{\"@type\":\"ImageObject\",\"inLanguage\":\"ca\",\"@id\":\"https:\/\/mynews.es\/#\/schema\/logo\/image\/\",\"url\":\"https:\/\/mynews.es\/wp-content\/uploads\/2025\/01\/logo_my_news.png\",\"contentUrl\":\"https:\/\/mynews.es\/wp-content\/uploads\/2025\/01\/logo_my_news.png\",\"width\":1200,\"height\":872,\"caption\":\"My News\"},\"image\":{\"@id\":\"https:\/\/mynews.es\/#\/schema\/logo\/image\/\"},\"sameAs\":[\"https:\/\/x.com\/MyNews_es\",\"https:\/\/www.instagram.com\/mynews.es\",\"https:\/\/www.linkedin.com\/company\/mynews-sl\/\"]},{\"@type\":\"Person\",\"@id\":\"https:\/\/mynews.es\/#\/schema\/person\/0741dbbae9b4c5fc6206172e9d5688ef\",\"name\":\"HILLPLANET\",\"image\":{\"@type\":\"ImageObject\",\"inLanguage\":\"ca\",\"@id\":\"https:\/\/mynews.es\/#\/schema\/person\/image\/\",\"url\":\"https:\/\/secure.gravatar.com\/avatar\/01079e944ee5a67ea7a0d50b151d2a89c293a04c713dc1ccc69e9bfa6ed62388?s=96&d=mm&r=g\",\"contentUrl\":\"https:\/\/secure.gravatar.com\/avatar\/01079e944ee5a67ea7a0d50b151d2a89c293a04c713dc1ccc69e9bfa6ed62388?s=96&d=mm&r=g\",\"caption\":\"HILLPLANET\"},\"url\":\"https:\/\/mynews.es\/ca\/author\/hillplanet\/\"}]}<\/script>\n<!-- \/ Yoast SEO plugin. -->","yoast_head_json":{"title":"Intel\u00b7lig\u00e8ncia Artificial aplicada als mitjans de comunicaci\u00f3 - My News","description":"Descobreix l'impacte, l'\u00e8tica i el futur de la IA. Susana P\u00e9rez-Soler i el Col\u00b7legi de Periodistes de Catalunya analitzen l'\u00fas \u00e8tic, l'automatitzaci\u00f3 i els reptes d'aquesta formaci\u00f3 sobre IA en mitjans de comunicaci\u00f3.","robots":{"index":"index","follow":"follow","max-snippet":"max-snippet:-1","max-image-preview":"max-image-preview:large","max-video-preview":"max-video-preview:-1"},"canonical":"https:\/\/mynews.es\/ca\/inteligencia-artificial-aplicada-als-mitjans-de-comunicacio\/","og_locale":"ca_ES","og_type":"article","og_title":"Intel\u00b7lig\u00e8ncia Artificial aplicada als mitjans de comunicaci\u00f3 - My News","og_description":"Descobreix l'impacte, l'\u00e8tica i el futur de la IA. Susana P\u00e9rez-Soler i el Col\u00b7legi de Periodistes de Catalunya analitzen l'\u00fas \u00e8tic, l'automatitzaci\u00f3 i els reptes d'aquesta formaci\u00f3 sobre IA en mitjans de comunicaci\u00f3.","og_url":"https:\/\/mynews.es\/ca\/inteligencia-artificial-aplicada-als-mitjans-de-comunicacio\/","og_site_name":"My News","article_published_time":"2023-12-11T16:52:20+00:00","article_modified_time":"2024-01-11T08:12:48+00:00","og_image":[{"width":1654,"height":1654,"url":"https:\/\/mynews.es\/wp-content\/uploads\/2023\/12\/EventoIA_Portada_cat.jpg","type":"image\/jpeg"}],"author":"HILLPLANET","twitter_card":"summary_large_image","twitter_creator":"@MyNews_es","twitter_site":"@MyNews_es","twitter_misc":{"Escrit per":"HILLPLANET","Temps estimat de lectura":"5 minuts"},"schema":{"@context":"https:\/\/schema.org","@graph":[{"@type":"Article","@id":"https:\/\/mynews.es\/ca\/inteligencia-artificial-aplicada-als-mitjans-de-comunicacio\/#article","isPartOf":{"@id":"https:\/\/mynews.es\/ca\/inteligencia-artificial-aplicada-als-mitjans-de-comunicacio\/"},"author":{"name":"HILLPLANET","@id":"https:\/\/mynews.es\/#\/schema\/person\/0741dbbae9b4c5fc6206172e9d5688ef"},"headline":"Intel\u00b7lig\u00e8ncia Artificial aplicada als mitjans de comunicaci\u00f3","datePublished":"2023-12-11T16:52:20+00:00","dateModified":"2024-01-11T08:12:48+00:00","mainEntityOfPage":{"@id":"https:\/\/mynews.es\/ca\/inteligencia-artificial-aplicada-als-mitjans-de-comunicacio\/"},"wordCount":1025,"publisher":{"@id":"https:\/\/mynews.es\/#organization"},"image":{"@id":"https:\/\/mynews.es\/ca\/inteligencia-artificial-aplicada-als-mitjans-de-comunicacio\/#primaryimage"},"thumbnailUrl":"https:\/\/mynews.es\/wp-content\/uploads\/2023\/12\/EventoIA_Portada_cat.jpg","keywords":["Comunicaci\u00f3n","marketing","Futuro","Comunicaci\u00f3n","marketing","Futuro","Tecnolog\u00eda","Tecnologia CA"],"articleSection":["Tend\u00e8ncies i XXSS","Tendencias y RRSS"],"inLanguage":"ca"},{"@type":"WebPage","@id":"https:\/\/mynews.es\/ca\/inteligencia-artificial-aplicada-als-mitjans-de-comunicacio\/","url":"https:\/\/mynews.es\/ca\/inteligencia-artificial-aplicada-als-mitjans-de-comunicacio\/","name":"Intel\u00b7lig\u00e8ncia Artificial aplicada als mitjans de comunicaci\u00f3 - My News","isPartOf":{"@id":"https:\/\/mynews.es\/#website"},"primaryImageOfPage":{"@id":"https:\/\/mynews.es\/ca\/inteligencia-artificial-aplicada-als-mitjans-de-comunicacio\/#primaryimage"},"image":{"@id":"https:\/\/mynews.es\/ca\/inteligencia-artificial-aplicada-als-mitjans-de-comunicacio\/#primaryimage"},"thumbnailUrl":"https:\/\/mynews.es\/wp-content\/uploads\/2023\/12\/EventoIA_Portada_cat.jpg","datePublished":"2023-12-11T16:52:20+00:00","dateModified":"2024-01-11T08:12:48+00:00","description":"Descobreix l'impacte, l'\u00e8tica i el futur de la IA. Susana P\u00e9rez-Soler i el Col\u00b7legi de Periodistes de Catalunya analitzen l'\u00fas \u00e8tic, l'automatitzaci\u00f3 i els reptes d'aquesta formaci\u00f3 sobre IA en mitjans de comunicaci\u00f3.","breadcrumb":{"@id":"https:\/\/mynews.es\/ca\/inteligencia-artificial-aplicada-als-mitjans-de-comunicacio\/#breadcrumb"},"inLanguage":"ca","potentialAction":[{"@type":"ReadAction","target":["https:\/\/mynews.es\/ca\/inteligencia-artificial-aplicada-als-mitjans-de-comunicacio\/"]}]},{"@type":"ImageObject","inLanguage":"ca","@id":"https:\/\/mynews.es\/ca\/inteligencia-artificial-aplicada-als-mitjans-de-comunicacio\/#primaryimage","url":"https:\/\/mynews.es\/wp-content\/uploads\/2023\/12\/EventoIA_Portada_cat.jpg","contentUrl":"https:\/\/mynews.es\/wp-content\/uploads\/2023\/12\/EventoIA_Portada_cat.jpg","width":1654,"height":1654},{"@type":"BreadcrumbList","@id":"https:\/\/mynews.es\/ca\/inteligencia-artificial-aplicada-als-mitjans-de-comunicacio\/#breadcrumb","itemListElement":[{"@type":"ListItem","position":1,"name":"Portada","item":"https:\/\/mynews.es\/ca\/"},{"@type":"ListItem","position":2,"name":"Intel\u00b7lig\u00e8ncia Artificial aplicada als mitjans de comunicaci\u00f3"}]},{"@type":"WebSite","@id":"https:\/\/mynews.es\/#website","url":"https:\/\/mynews.es\/","name":"My News","description":"","publisher":{"@id":"https:\/\/mynews.es\/#organization"},"alternateName":"MyNews","potentialAction":[{"@type":"SearchAction","target":{"@type":"EntryPoint","urlTemplate":"https:\/\/mynews.es\/?s={search_term_string}"},"query-input":{"@type":"PropertyValueSpecification","valueRequired":true,"valueName":"search_term_string"}}],"inLanguage":"ca"},{"@type":"Organization","@id":"https:\/\/mynews.es\/#organization","name":"My News","url":"https:\/\/mynews.es\/","logo":{"@type":"ImageObject","inLanguage":"ca","@id":"https:\/\/mynews.es\/#\/schema\/logo\/image\/","url":"https:\/\/mynews.es\/wp-content\/uploads\/2025\/01\/logo_my_news.png","contentUrl":"https:\/\/mynews.es\/wp-content\/uploads\/2025\/01\/logo_my_news.png","width":1200,"height":872,"caption":"My News"},"image":{"@id":"https:\/\/mynews.es\/#\/schema\/logo\/image\/"},"sameAs":["https:\/\/x.com\/MyNews_es","https:\/\/www.instagram.com\/mynews.es","https:\/\/www.linkedin.com\/company\/mynews-sl\/"]},{"@type":"Person","@id":"https:\/\/mynews.es\/#\/schema\/person\/0741dbbae9b4c5fc6206172e9d5688ef","name":"HILLPLANET","image":{"@type":"ImageObject","inLanguage":"ca","@id":"https:\/\/mynews.es\/#\/schema\/person\/image\/","url":"https:\/\/secure.gravatar.com\/avatar\/01079e944ee5a67ea7a0d50b151d2a89c293a04c713dc1ccc69e9bfa6ed62388?s=96&d=mm&r=g","contentUrl":"https:\/\/secure.gravatar.com\/avatar\/01079e944ee5a67ea7a0d50b151d2a89c293a04c713dc1ccc69e9bfa6ed62388?s=96&d=mm&r=g","caption":"HILLPLANET"},"url":"https:\/\/mynews.es\/ca\/author\/hillplanet\/"}]}},"_links":{"self":[{"href":"https:\/\/mynews.es\/ca\/wp-json\/wp\/v2\/posts\/18459","targetHints":{"allow":["GET"]}}],"collection":[{"href":"https:\/\/mynews.es\/ca\/wp-json\/wp\/v2\/posts"}],"about":[{"href":"https:\/\/mynews.es\/ca\/wp-json\/wp\/v2\/types\/post"}],"author":[{"embeddable":true,"href":"https:\/\/mynews.es\/ca\/wp-json\/wp\/v2\/users\/4"}],"replies":[{"embeddable":true,"href":"https:\/\/mynews.es\/ca\/wp-json\/wp\/v2\/comments?post=18459"}],"version-history":[{"count":1,"href":"https:\/\/mynews.es\/ca\/wp-json\/wp\/v2\/posts\/18459\/revisions"}],"predecessor-version":[{"id":18464,"href":"https:\/\/mynews.es\/ca\/wp-json\/wp\/v2\/posts\/18459\/revisions\/18464"}],"wp:featuredmedia":[{"embeddable":true,"href":"https:\/\/mynews.es\/ca\/wp-json\/wp\/v2\/media\/18462"}],"wp:attachment":[{"href":"https:\/\/mynews.es\/ca\/wp-json\/wp\/v2\/media?parent=18459"}],"wp:term":[{"taxonomy":"category","embeddable":true,"href":"https:\/\/mynews.es\/ca\/wp-json\/wp\/v2\/categories?post=18459"},{"taxonomy":"post_tag","embeddable":true,"href":"https:\/\/mynews.es\/ca\/wp-json\/wp\/v2\/tags?post=18459"}],"curies":[{"name":"wp","href":"https:\/\/api.w.org\/{rel}","templated":true}]}}